{"id":9390,"date":"2023-06-23T16:14:14","date_gmt":"2023-06-23T16:14:14","guid":{"rendered":"https:\/\/www.coillte.ie\/development\/?p=9390"},"modified":"2023-06-26T08:31:30","modified_gmt":"2023-06-26T08:31:30","slug":"beyond-the-trees-avondale-named-as-winner-in-the-royal-institute-of-the-architects-of-ireland-riai-2023-awards","status":"publish","type":"post","link":"https:\/\/www.coillte.ie\/development\/beyond-the-trees-avondale-named-as-winner-in-the-royal-institute-of-the-architects-of-ireland-riai-2023-awards\/","title":{"rendered":"Beyond the Trees Avondale named as Winner in the Royal Institute of the Architects of Ireland (RIAI) 2023 Awards"},"content":{"rendered":"<figure id=\"attachment_9392\" aria-describedby=\"caption-attachment-9392\" style=\"width: 1024px\" class=\"wp-caption aligncenter\"><img loading=\"lazy\" decoding=\"async\" class=\"wp-image-9392 size-large\" src=\"https:\/\/www.coillte.ie\/development\/wp-content\/uploads\/2023\/06\/Avondale-Beyond-the-Trees-Treetop-Walk-1024x767.jpg\" alt=\"Drone shot of wooden treetop walk stretching across the forest canopy with Avondale House in the background\" width=\"1024\" height=\"767\" srcset=\"https:\/\/www.coillte.ie\/development\/wp-content\/uploads\/2023\/06\/Avondale-Beyond-the-Trees-Treetop-Walk-1024x767.jpg 1024w, https:\/\/www.coillte.ie\/development\/wp-content\/uploads\/2023\/06\/Avondale-Beyond-the-Trees-Treetop-Walk-300x225.jpg 300w, https:\/\/www.coillte.ie\/development\/wp-content\/uploads\/2023\/06\/Avondale-Beyond-the-Trees-Treetop-Walk-768x575.jpg 768w, https:\/\/www.coillte.ie\/development\/wp-content\/uploads\/2023\/06\/Avondale-Beyond-the-Trees-Treetop-Walk-1536x1150.jpg 1536w, https:\/\/www.coillte.ie\/development\/wp-content\/uploads\/2023\/06\/Avondale-Beyond-the-Trees-Treetop-Walk-2048x1534.jpg 2048w\" sizes=\"auto, (max-width: 1024px) 100vw, 1024px\" \/><figcaption id=\"caption-attachment-9392\" class=\"wp-caption-text\">Avondale Beyond the Trees &#8211; Treetop Walk<\/figcaption><\/figure>\n<p>&nbsp;<\/p>\n<p>We are delighted to announce that Beyond the Trees Avondale, located in Coillte\u2019s Avondale Forest Park, County Wicklow has been named as Winner for <strong>Universal Design<\/strong> AND as Winner for <strong>Cultural and Public Buildings<\/strong> by the RIAI 2023 Awards. The RIAI awards highlight inclusive and sustainable architecture that has a positive contribution to climate change.<\/p>\n<p>Beyond the Trees Avondale is a collaboration between Coillte, F\u00e1ilte Ireland and EAK Ireland, supported by Van Dijk Architects and St\u00f6ger &amp; K\u00f6bel Architekten. It has emerged as hugely popular and a truly unique visitor experience to Ireland\u2019s Ancient East. The newly refurbished Avondale House is an added attraction for visitors to Avondale Forest Park, who can now experience the house tour alongside the magnificent Beyond the Trees Avondale Treetop Walk and Viewing Tower.<\/p>\n<p>We would like to thank everyone who voted for Beyond the Trees Avondale &#8211; the public&#8217;s support means a lot to us and we hope to see you all at Beyond the Trees this summer!<\/p>\n<p>Beyond the Trees, Avondale House &amp; Forest Park is open to the public Monday to Sunday 8am to 5pm. You can book your visit\u00a0<a href=\"https:\/\/scanner.topsec.com\/?d=1942&amp;r=show&amp;u=https%3A%2F%2Fbooking.beyondthetreesavondale.com%2FHome&amp;t=b1e50b9c0c21ff5444926e449811614b5f224c7b\">here<\/a>.<\/p>\n","protected":false},"excerpt":{"rendered":"<p>&nbsp; We are delighted to announce that Beyond the Trees Avondale, located in Coillte\u2019s Avondale Forest Park, County Wicklow has been named as Winner for Universal Design AND as Winner for Cultural and Public Buildings by the RIAI 2023 Awards. The RIAI awards highlight inclusive and sustainable architecture that has a positive contribution to climate &#038;hellip<\/p>\n","protected":false},"author":8,"featured_media":8087,"comment_status":"closed","ping_status":"closed","sticky":false,"template":"","format":"standard","meta":{"_acf_changed":false,"inline_featured_image":false,"footnotes":""},"categories":[1],"class_list":["post-9390","post","type-post","status-publish","format-standard","has-post-thumbnail","hentry","category-latest-news","tag-latest-news"],"acf":[],"yoast_head":"<!-- This site is optimized with the Yoast SEO plugin v28.3 - https:\/\/yoast.com\/product\/yoast-seo-wordpress\/ -->\n<title>Beyond the Trees Avondale named as Winner in the Royal Institute of the Architects of Ireland (RIAI) 2023 Awards - Coillte<\/title>\n<meta name=\"robots\" content=\"noindex, follow, max-snippet:-1, max-image-preview:large, max-video-preview:-1\" \/>\n<meta property=\"og:locale\" content=\"en_US\" \/>\n<meta property=\"og:type\" content=\"article\" \/>\n<meta property=\"og:title\" content=\"Beyond the Trees Avondale named as Winner in the Royal Institute of the Architects of Ireland (RIAI) 2023 Awards - Coillte\" \/>\n<meta property=\"og:description\" content=\"&nbsp; We are delighted to announce that Beyond the Trees Avondale, located in Coillte\u2019s Avondale Forest Park, County Wicklow has been named as Winner for Universal Design AND as Winner for Cultural and Public Buildings by the RIAI 2023 Awards. The RIAI awards highlight inclusive and sustainable architecture that has a positive contribution to climate &amp;hellip\" \/>\n<meta property=\"og:url\" content=\"https:\/\/www.coillte.ie\/development\/beyond-the-trees-avondale-named-as-winner-in-the-royal-institute-of-the-architects-of-ireland-riai-2023-awards\/\" \/>\n<meta property=\"og:site_name\" content=\"Coillte\" \/>\n<meta property=\"article:published_time\" content=\"2023-06-23T16:14:14+00:00\" \/>\n<meta property=\"article:modified_time\" content=\"2023-06-26T08:31:30+00:00\" \/>\n<meta property=\"og:image\" content=\"https:\/\/www.coillte.ie\/development\/wp-content\/uploads\/2022\/07\/TreetopWalkViewingTower_Avondale_Wicklow-1006x1024.jpg\" \/>\n\t<meta property=\"og:image:width\" content=\"1006\" \/>\n\t<meta property=\"og:image:height\" content=\"1024\" \/>\n\t<meta property=\"og:image:type\" content=\"image\/jpeg\" \/>\n<meta name=\"author\" content=\"Pat Neville\" \/>\n<meta name=\"twitter:card\" content=\"summary_large_image\" \/>\n<meta name=\"twitter:label1\" content=\"Written by\" \/>\n\t<meta name=\"twitter:data1\" content=\"Pat Neville\" \/>\n\t<meta name=\"twitter:label2\" content=\"Est. reading time\" \/>\n\t<meta name=\"twitter:data2\" content=\"1 minute\" \/>\n<script type=\"application\/ld+json\" class=\"yoast-schema-graph\">{\"@context\":\"https:\\\/\\\/schema.org\",\"@graph\":[{\"@type\":\"Article\",\"@id\":\"https:\\\/\\\/www.coillte.ie\\\/development\\\/beyond-the-trees-avondale-named-as-winner-in-the-royal-institute-of-the-architects-of-ireland-riai-2023-awards\\\/#article\",\"isPartOf\":{\"@id\":\"https:\\\/\\\/www.coillte.ie\\\/development\\\/beyond-the-trees-avondale-named-as-winner-in-the-royal-institute-of-the-architects-of-ireland-riai-2023-awards\\\/\"},\"author\":{\"name\":\"Pat Neville\",\"@id\":\"https:\\\/\\\/www.coillte.ie\\\/development\\\/#\\\/schema\\\/person\\\/86a3dcefe40e1eff92e6bd605a0a3264\"},\"headline\":\"Beyond the Trees Avondale named as Winner in the Royal Institute of the Architects of Ireland (RIAI) 2023 Awards\",\"datePublished\":\"2023-06-23T16:14:14+00:00\",\"dateModified\":\"2023-06-26T08:31:30+00:00\",\"mainEntityOfPage\":{\"@id\":\"https:\\\/\\\/www.coillte.ie\\\/development\\\/beyond-the-trees-avondale-named-as-winner-in-the-royal-institute-of-the-architects-of-ireland-riai-2023-awards\\\/\"},\"wordCount\":227,\"publisher\":{\"@id\":\"https:\\\/\\\/www.coillte.ie\\\/development\\\/#organization\"},\"image\":{\"@id\":\"https:\\\/\\\/www.coillte.ie\\\/development\\\/beyond-the-trees-avondale-named-as-winner-in-the-royal-institute-of-the-architects-of-ireland-riai-2023-awards\\\/#primaryimage\"},\"thumbnailUrl\":\"https:\\\/\\\/www.coillte.ie\\\/development\\\/wp-content\\\/uploads\\\/2022\\\/07\\\/TreetopWalkViewingTower_Avondale_Wicklow.jpg\",\"keywords\":[\"latest news\"],\"articleSection\":[\"Latest News\"],\"inLanguage\":\"en-US\"},{\"@type\":\"WebPage\",\"@id\":\"https:\\\/\\\/www.coillte.ie\\\/development\\\/beyond-the-trees-avondale-named-as-winner-in-the-royal-institute-of-the-architects-of-ireland-riai-2023-awards\\\/\",\"url\":\"https:\\\/\\\/www.coillte.ie\\\/development\\\/beyond-the-trees-avondale-named-as-winner-in-the-royal-institute-of-the-architects-of-ireland-riai-2023-awards\\\/\",\"name\":\"Beyond the Trees Avondale named as Winner in the Royal Institute of the Architects of Ireland (RIAI) 2023 Awards - Coillte\",\"isPartOf\":{\"@id\":\"https:\\\/\\\/www.coillte.ie\\\/development\\\/#website\"},\"primaryImageOfPage\":{\"@id\":\"https:\\\/\\\/www.coillte.ie\\\/development\\\/beyond-the-trees-avondale-named-as-winner-in-the-royal-institute-of-the-architects-of-ireland-riai-2023-awards\\\/#primaryimage\"},\"image\":{\"@id\":\"https:\\\/\\\/www.coillte.ie\\\/development\\\/beyond-the-trees-avondale-named-as-winner-in-the-royal-institute-of-the-architects-of-ireland-riai-2023-awards\\\/#primaryimage\"},\"thumbnailUrl\":\"https:\\\/\\\/www.coillte.ie\\\/development\\\/wp-content\\\/uploads\\\/2022\\\/07\\\/TreetopWalkViewingTower_Avondale_Wicklow.jpg\",\"datePublished\":\"2023-06-23T16:14:14+00:00\",\"dateModified\":\"2023-06-26T08:31:30+00:00\",\"breadcrumb\":{\"@id\":\"https:\\\/\\\/www.coillte.ie\\\/development\\\/beyond-the-trees-avondale-named-as-winner-in-the-royal-institute-of-the-architects-of-ireland-riai-2023-awards\\\/#breadcrumb\"},\"inLanguage\":\"en-US\",\"potentialAction\":[{\"@type\":\"ReadAction\",\"target\":[\"https:\\\/\\\/www.coillte.ie\\\/development\\\/beyond-the-trees-avondale-named-as-winner-in-the-royal-institute-of-the-architects-of-ireland-riai-2023-awards\\\/\"]}]},{\"@type\":\"ImageObject\",\"inLanguage\":\"en-US\",\"@id\":\"https:\\\/\\\/www.coillte.ie\\\/development\\\/beyond-the-trees-avondale-named-as-winner-in-the-royal-institute-of-the-architects-of-ireland-riai-2023-awards\\\/#primaryimage\",\"url\":\"https:\\\/\\\/www.coillte.ie\\\/development\\\/wp-content\\\/uploads\\\/2022\\\/07\\\/TreetopWalkViewingTower_Avondale_Wicklow.jpg\",\"contentUrl\":\"https:\\\/\\\/www.coillte.ie\\\/development\\\/wp-content\\\/uploads\\\/2022\\\/07\\\/TreetopWalkViewingTower_Avondale_Wicklow.jpg\",\"width\":2088,\"height\":2126,\"caption\":\"TreetopWalkViewingTower Avondale Wicklow\"},{\"@type\":\"BreadcrumbList\",\"@id\":\"https:\\\/\\\/www.coillte.ie\\\/development\\\/beyond-the-trees-avondale-named-as-winner-in-the-royal-institute-of-the-architects-of-ireland-riai-2023-awards\\\/#breadcrumb\",\"itemListElement\":[{\"@type\":\"ListItem\",\"position\":1,\"name\":\"Home\",\"item\":\"https:\\\/\\\/www.coillte.ie\\\/development\\\/\"},{\"@type\":\"ListItem\",\"position\":2,\"name\":\"Beyond the Trees Avondale named as Winner in the Royal Institute of the Architects of Ireland (RIAI) 2023 Awards\"}]},{\"@type\":\"WebSite\",\"@id\":\"https:\\\/\\\/www.coillte.ie\\\/development\\\/#website\",\"url\":\"https:\\\/\\\/www.coillte.ie\\\/development\\\/\",\"name\":\"Coillte\",\"description\":\"\",\"publisher\":{\"@id\":\"https:\\\/\\\/www.coillte.ie\\\/development\\\/#organization\"},\"potentialAction\":[{\"@type\":\"SearchAction\",\"target\":{\"@type\":\"EntryPoint\",\"urlTemplate\":\"https:\\\/\\\/www.coillte.ie\\\/development\\\/?s={search_term_string}\"},\"query-input\":{\"@type\":\"PropertyValueSpecification\",\"valueRequired\":true,\"valueName\":\"search_term_string\"}}],\"inLanguage\":\"en-US\"},{\"@type\":\"Organization\",\"@id\":\"https:\\\/\\\/www.coillte.ie\\\/development\\\/#organization\",\"name\":\"Coillte\",\"url\":\"https:\\\/\\\/www.coillte.ie\\\/development\\\/\",\"logo\":{\"@type\":\"ImageObject\",\"inLanguage\":\"en-US\",\"@id\":\"https:\\\/\\\/www.coillte.ie\\\/development\\\/#\\\/schema\\\/logo\\\/image\\\/\",\"url\":\"https:\\\/\\\/www.coillte.ie\\\/development\\\/wp-content\\\/uploads\\\/2021\\\/11\\\/coillte_logo-v4_1-1.svg\",\"contentUrl\":\"https:\\\/\\\/www.coillte.ie\\\/development\\\/wp-content\\\/uploads\\\/2021\\\/11\\\/coillte_logo-v4_1-1.svg\",\"width\":151,\"height\":27,\"caption\":\"Coillte\"},\"image\":{\"@id\":\"https:\\\/\\\/www.coillte.ie\\\/development\\\/#\\\/schema\\\/logo\\\/image\\\/\"}},{\"@type\":\"Person\",\"@id\":\"https:\\\/\\\/www.coillte.ie\\\/development\\\/#\\\/schema\\\/person\\\/86a3dcefe40e1eff92e6bd605a0a3264\",\"name\":\"Pat Neville\",\"image\":{\"@type\":\"ImageObject\",\"inLanguage\":\"en-US\",\"@id\":\"https:\\\/\\\/secure.gravatar.com\\\/avatar\\\/5059b42f9840b3a85170526f0f06a8d9784a27337046ad4a51412316c75d6617?s=96&d=mm&r=g\",\"url\":\"https:\\\/\\\/secure.gravatar.com\\\/avatar\\\/5059b42f9840b3a85170526f0f06a8d9784a27337046ad4a51412316c75d6617?s=96&d=mm&r=g\",\"contentUrl\":\"https:\\\/\\\/secure.gravatar.com\\\/avatar\\\/5059b42f9840b3a85170526f0f06a8d9784a27337046ad4a51412316c75d6617?s=96&d=mm&r=g\",\"caption\":\"Pat Neville\"}}]}<\/script>\n<!-- \/ Yoast SEO plugin. -->","yoast_head_json":{"title":"Beyond the Trees Avondale named as Winner in the Royal Institute of the Architects of Ireland (RIAI) 2023 Awards - Coillte","robots":{"index":"noindex","follow":"follow","max-snippet":"max-snippet:-1","max-image-preview":"max-image-preview:large","max-video-preview":"max-video-preview:-1"},"og_locale":"en_US","og_type":"article","og_title":"Beyond the Trees Avondale named as Winner in the Royal Institute of the Architects of Ireland (RIAI) 2023 Awards - Coillte","og_description":"&nbsp; We are delighted to announce that Beyond the Trees Avondale, located in Coillte\u2019s Avondale Forest Park, County Wicklow has been named as Winner for Universal Design AND as Winner for Cultural and Public Buildings by the RIAI 2023 Awards. The RIAI awards highlight inclusive and sustainable architecture that has a positive contribution to climate &hellip","og_url":"https:\/\/www.coillte.ie\/development\/beyond-the-trees-avondale-named-as-winner-in-the-royal-institute-of-the-architects-of-ireland-riai-2023-awards\/","og_site_name":"Coillte","article_published_time":"2023-06-23T16:14:14+00:00","article_modified_time":"2023-06-26T08:31:30+00:00","og_image":[{"width":1006,"height":1024,"url":"https:\/\/www.coillte.ie\/development\/wp-content\/uploads\/2022\/07\/TreetopWalkViewingTower_Avondale_Wicklow-1006x1024.jpg","type":"image\/jpeg"}],"author":"Pat Neville","twitter_card":"summary_large_image","twitter_misc":{"Written by":"Pat Neville","Est. reading time":"1 minute"},"schema":{"@context":"https:\/\/schema.org","@graph":[{"@type":"Article","@id":"https:\/\/www.coillte.ie\/development\/beyond-the-trees-avondale-named-as-winner-in-the-royal-institute-of-the-architects-of-ireland-riai-2023-awards\/#article","isPartOf":{"@id":"https:\/\/www.coillte.ie\/development\/beyond-the-trees-avondale-named-as-winner-in-the-royal-institute-of-the-architects-of-ireland-riai-2023-awards\/"},"author":{"name":"Pat Neville","@id":"https:\/\/www.coillte.ie\/development\/#\/schema\/person\/86a3dcefe40e1eff92e6bd605a0a3264"},"headline":"Beyond the Trees Avondale named as Winner in the Royal Institute of the Architects of Ireland (RIAI) 2023 Awards","datePublished":"2023-06-23T16:14:14+00:00","dateModified":"2023-06-26T08:31:30+00:00","mainEntityOfPage":{"@id":"https:\/\/www.coillte.ie\/development\/beyond-the-trees-avondale-named-as-winner-in-the-royal-institute-of-the-architects-of-ireland-riai-2023-awards\/"},"wordCount":227,"publisher":{"@id":"https:\/\/www.coillte.ie\/development\/#organization"},"image":{"@id":"https:\/\/www.coillte.ie\/development\/beyond-the-trees-avondale-named-as-winner-in-the-royal-institute-of-the-architects-of-ireland-riai-2023-awards\/#primaryimage"},"thumbnailUrl":"https:\/\/www.coillte.ie\/development\/wp-content\/uploads\/2022\/07\/TreetopWalkViewingTower_Avondale_Wicklow.jpg","keywords":["latest news"],"articleSection":["Latest News"],"inLanguage":"en-US"},{"@type":"WebPage","@id":"https:\/\/www.coillte.ie\/development\/beyond-the-trees-avondale-named-as-winner-in-the-royal-institute-of-the-architects-of-ireland-riai-2023-awards\/","url":"https:\/\/www.coillte.ie\/development\/beyond-the-trees-avondale-named-as-winner-in-the-royal-institute-of-the-architects-of-ireland-riai-2023-awards\/","name":"Beyond the Trees Avondale named as Winner in the Royal Institute of the Architects of Ireland (RIAI) 2023 Awards - Coillte","isPartOf":{"@id":"https:\/\/www.coillte.ie\/development\/#website"},"primaryImageOfPage":{"@id":"https:\/\/www.coillte.ie\/development\/beyond-the-trees-avondale-named-as-winner-in-the-royal-institute-of-the-architects-of-ireland-riai-2023-awards\/#primaryimage"},"image":{"@id":"https:\/\/www.coillte.ie\/development\/beyond-the-trees-avondale-named-as-winner-in-the-royal-institute-of-the-architects-of-ireland-riai-2023-awards\/#primaryimage"},"thumbnailUrl":"https:\/\/www.coillte.ie\/development\/wp-content\/uploads\/2022\/07\/TreetopWalkViewingTower_Avondale_Wicklow.jpg","datePublished":"2023-06-23T16:14:14+00:00","dateModified":"2023-06-26T08:31:30+00:00","breadcrumb":{"@id":"https:\/\/www.coillte.ie\/development\/beyond-the-trees-avondale-named-as-winner-in-the-royal-institute-of-the-architects-of-ireland-riai-2023-awards\/#breadcrumb"},"inLanguage":"en-US","potentialAction":[{"@type":"ReadAction","target":["https:\/\/www.coillte.ie\/development\/beyond-the-trees-avondale-named-as-winner-in-the-royal-institute-of-the-architects-of-ireland-riai-2023-awards\/"]}]},{"@type":"ImageObject","inLanguage":"en-US","@id":"https:\/\/www.coillte.ie\/development\/beyond-the-trees-avondale-named-as-winner-in-the-royal-institute-of-the-architects-of-ireland-riai-2023-awards\/#primaryimage","url":"https:\/\/www.coillte.ie\/development\/wp-content\/uploads\/2022\/07\/TreetopWalkViewingTower_Avondale_Wicklow.jpg","contentUrl":"https:\/\/www.coillte.ie\/development\/wp-content\/uploads\/2022\/07\/TreetopWalkViewingTower_Avondale_Wicklow.jpg","width":2088,"height":2126,"caption":"TreetopWalkViewingTower Avondale Wicklow"},{"@type":"BreadcrumbList","@id":"https:\/\/www.coillte.ie\/development\/beyond-the-trees-avondale-named-as-winner-in-the-royal-institute-of-the-architects-of-ireland-riai-2023-awards\/#breadcrumb","itemListElement":[{"@type":"ListItem","position":1,"name":"Home","item":"https:\/\/www.coillte.ie\/development\/"},{"@type":"ListItem","position":2,"name":"Beyond the Trees Avondale named as Winner in the Royal Institute of the Architects of Ireland (RIAI) 2023 Awards"}]},{"@type":"WebSite","@id":"https:\/\/www.coillte.ie\/development\/#website","url":"https:\/\/www.coillte.ie\/development\/","name":"Coillte","description":"","publisher":{"@id":"https:\/\/www.coillte.ie\/development\/#organization"},"potentialAction":[{"@type":"SearchAction","target":{"@type":"EntryPoint","urlTemplate":"https:\/\/www.coillte.ie\/development\/?s={search_term_string}"},"query-input":{"@type":"PropertyValueSpecification","valueRequired":true,"valueName":"search_term_string"}}],"inLanguage":"en-US"},{"@type":"Organization","@id":"https:\/\/www.coillte.ie\/development\/#organization","name":"Coillte","url":"https:\/\/www.coillte.ie\/development\/","logo":{"@type":"ImageObject","inLanguage":"en-US","@id":"https:\/\/www.coillte.ie\/development\/#\/schema\/logo\/image\/","url":"https:\/\/www.coillte.ie\/development\/wp-content\/uploads\/2021\/11\/coillte_logo-v4_1-1.svg","contentUrl":"https:\/\/www.coillte.ie\/development\/wp-content\/uploads\/2021\/11\/coillte_logo-v4_1-1.svg","width":151,"height":27,"caption":"Coillte"},"image":{"@id":"https:\/\/www.coillte.ie\/development\/#\/schema\/logo\/image\/"}},{"@type":"Person","@id":"https:\/\/www.coillte.ie\/development\/#\/schema\/person\/86a3dcefe40e1eff92e6bd605a0a3264","name":"Pat Neville","image":{"@type":"ImageObject","inLanguage":"en-US","@id":"https:\/\/secure.gravatar.com\/avatar\/5059b42f9840b3a85170526f0f06a8d9784a27337046ad4a51412316c75d6617?s=96&d=mm&r=g","url":"https:\/\/secure.gravatar.com\/avatar\/5059b42f9840b3a85170526f0f06a8d9784a27337046ad4a51412316c75d6617?s=96&d=mm&r=g","contentUrl":"https:\/\/secure.gravatar.com\/avatar\/5059b42f9840b3a85170526f0f06a8d9784a27337046ad4a51412316c75d6617?s=96&d=mm&r=g","caption":"Pat Neville"}}]}},"_links":{"self":[{"href":"https:\/\/www.coillte.ie\/development\/wp-json\/wp\/v2\/posts\/9390","targetHints":{"allow":["GET"]}}],"collection":[{"href":"https:\/\/www.coillte.ie\/development\/wp-json\/wp\/v2\/posts"}],"about":[{"href":"https:\/\/www.coillte.ie\/development\/wp-json\/wp\/v2\/types\/post"}],"author":[{"embeddable":true,"href":"https:\/\/www.coillte.ie\/development\/wp-json\/wp\/v2\/users\/8"}],"replies":[{"embeddable":true,"href":"https:\/\/www.coillte.ie\/development\/wp-json\/wp\/v2\/comments?post=9390"}],"version-history":[{"count":4,"href":"https:\/\/www.coillte.ie\/development\/wp-json\/wp\/v2\/posts\/9390\/revisions"}],"predecessor-version":[{"id":9397,"href":"https:\/\/www.coillte.ie\/development\/wp-json\/wp\/v2\/posts\/9390\/revisions\/9397"}],"wp:featuredmedia":[{"embeddable":true,"href":"https:\/\/www.coillte.ie\/development\/wp-json\/wp\/v2\/media\/8087"}],"wp:attachment":[{"href":"https:\/\/www.coillte.ie\/development\/wp-json\/wp\/v2\/media?parent=9390"}],"wp:term":[{"taxonomy":"category","embeddable":true,"href":"https:\/\/www.coillte.ie\/development\/wp-json\/wp\/v2\/categories?post=9390"}],"curies":[{"name":"wp","href":"https:\/\/api.w.org\/{rel}","templated":true}]}}