{"id":4452,"date":"2019-03-26T17:59:26","date_gmt":"2019-03-26T17:59:26","guid":{"rendered":"https:\/\/www.coillte.ie\/development\/?p=4452"},"modified":"2019-03-27T10:04:54","modified_gmt":"2019-03-27T10:04:54","slug":"minister-creed-appoints-bernie-gray-as-chairperson-of-coillte","status":"publish","type":"post","link":"https:\/\/www.coillte.ie\/development\/minister-creed-appoints-bernie-gray-as-chairperson-of-coillte\/","title":{"rendered":"Minister Creed appoints Ms. Bernie Gray as Chairperson of Coillte"},"content":{"rendered":"<div id=\"pl-4452\"  class=\"panel-layout\" >\n<div id=\"pg-4452-0\"  class=\"panel-grid panel-no-style\" >\n<div id=\"pgc-4452-0-0\"  class=\"panel-grid-cell\"  data-weight=\"1\" >\n<div id=\"panel-4452-0-0-0\" class=\"so-panel widget widget_sow-editor panel-first-child panel-last-child\" data-index=\"0\" data-style=\"{&quot;background_image_attachment&quot;:false,&quot;background_display&quot;:&quot;tile&quot;}\" >\n<div class=\"so-widget-sow-editor so-widget-sow-editor-base\">\n<div class=\"siteorigin-widget-tinymce textwidget\">\n<figure id=\"attachment_4451\" aria-describedby=\"caption-attachment-4451\" style=\"width: 214px\" class=\"wp-caption alignnone\"><img loading=\"lazy\" decoding=\"async\" class=\"size-full wp-image-4451\" src=\"https:\/\/www.coillte.ie\/development\/media\/2019\/03\/DoyleAppointsBernieGrayPic.jpg\" alt=\"Picture of Bernie Gray\" width=\"214\" height=\"267\" \/><figcaption id=\"caption-attachment-4451\" class=\"wp-caption-text\">Bernie Gray<\/figcaption><\/figure>\n<h4>Minister Creed appoints Ms. Bernie Gray as Chairperson of Coillte<\/h4>\n<p>The Minister for Agriculture, Food and the Marine, Michael Creed T.D., today announced that he has appointed Ms. Bernie Gray as Chairperson of Coillte for a five year period. Ms. Gray was appointed following a competitive process conducted by the Public Appointments Service (PAS) in accordance with the Guidelines for Appointments to State Boards.<\/p>\n<p>Making the announcement, the Minister commented, \u201c<em>I am delighted to be appointing somebody of the calibre of Bernie Gray to role of Chair of Coillte Board. She has significant Board experience and a range of management and governance skills which will be hugely beneficial in the strategic development of the company. Coillte has developed and evolved over the 30 years since its establishment and I look forward to its continued participation in, and contribution to, the development of the forestry sector in Ireland<\/em>\u201d.<\/p>\n<p>Minister Creed also took the opportunity to thank the outgoing Chairman, Mr. John Moloney, for overseeing the restructuring of Coillte during his tenure, enabling it to significantly improve its performance and profitability. \u201c<em>John\u2019s work is very much appreciated as it has put Coillte on a firm footing for the future. I am delighted to be appointing Bernie Gray now to take Coillte to its next phase of growth and I wish her every success in the role<\/em>\u201d<\/p>\n<p>Andrew Doyle, T.D., Minister of State at the Department of Agriculture, Food and the Marine with responsibility for Forestry, added, \u201c<em>I would like to warmly welcome Bernie Gray as Chairperson of Coillte and acknowledge the work done by her predecessor John Moloney. Coillte plays a hugely important role in the Irish forestry sector given the extent of its forest assets. I look forward to engaging with Bernie and the Coillte Board on an ongoing basis to continue the development of forestry in Ireland<\/em>\u201d.<\/p>\n<p>&nbsp;<\/p>\n<p><strong>Note for Editors:<\/strong><\/p>\n<p>The appointment was made following a competitive process managed by the PAS (Public Appointments Service) and Ms Gray has been appointed for a five year period effective from 13 March 2019.<\/p>\n<p>Bernie Gray is a Certified Public Accountant, with expertise in a number of areas include Board governance, change management, Human Resources (HR), business coaching and business restructuring. She holds a B.Sc. Public Administration (Hons.) from TCD and a post graduate Diploma in Executive coaching from UCD. She is also a Chartered Director (Institute of Directors).<\/p>\n<p>Ms. Gray was Chairperson of the Board of EirGrid from 2006 until 2013. She formerly worked with Eircom between 1984 and 2002, holding a number of management positions within the Finance and HR areas and latterly served as HR Director from 1998 to 2002. She also served as a Worker Director of the company between 1988 and 1992.<\/p>\n<p>Ms. Gray is currently a member of the Accountability Board of the Civil Service, the Governing Authority of DCU and the GAA National Audit &amp; Risk Committee. . She has held a number of other non\u2013executive roles in the State and not for profit sectors including Board member Irish Payment Services Organisation, Public Appointments Service and Business in the Community.<\/p>\n<p>&nbsp;<\/p>\n<p>ENDS<\/p>\n<p>Press and Information Office<\/p>\n<p>An Roinn Talmha\u00edochta, Bia agus Mara<\/p>\n<p>Department of Agriculture, Food and the Marine<\/p>\n<p>An Teach Talmha\u00edochta, Sr\u00e1id Chill Dara, Baile \u00c1tha Cliath 2, D02 WK12<\/p>\n<p>Agriculture House, Kildare Street, Dublin 2, D02 WK12<\/p>\n<p>__<\/p>\n<p>T +353 (0)1 607 2802<\/p>\n<p>www.agriculture.gov.ie<\/p>\n<p><strong>\u00a0<\/strong><\/p>\n<p><strong>About Coillte<\/strong><\/p>\n<p>Coillte, Ireland\u2019s largest commercial forestry company, manages approximately 7% of the country\u2019s land. Coillte operate three strong businesses from this land &#8211; its core forestry business, a wood panels manufacturing business MEDITE SMARTPLY and a land solutions business. Coillte export to over 30 countries worldwide and in the financial year 31 December 2016 generated EBITDA of \u20ac98.3 million from its \u20ac1.5 billion asset. Coillte\u2019s vision is to be the best forestry and land solutions company in Europe.<\/p>\n<p>The Irish forestry sector supports 12,000 rural based jobs in Ireland, contributes approximately \u20ac2.3 billion to the economy every year and has the potential to double in size over the next ten years.<\/p>\n<p>Visit\u00a0<a href=\"http:\/\/www.coillte.ie\/development\/\">www.coillte.ie<\/a>\u00a0to learn more<\/p>\n<p><strong>\u00a0<\/strong><\/p>\n<\/div>\n<\/div>\n<\/div>\n<\/div>\n<\/div>\n<div id=\"pg-4452-1\"  class=\"panel-grid panel-no-style\"  data-style=\"{&quot;background_display&quot;:&quot;tile&quot;,&quot;cell_alignment&quot;:&quot;flex-start&quot;}\"  data-ratio=\"1\"  data-ratio-direction=\"right\" >\n<div id=\"pgc-4452-1-0\"  class=\"panel-grid-cell panel-grid-cell-empty\"  data-weight=\"1\" ><\/div>\n<\/div>\n<\/div>\n","protected":false},"excerpt":{"rendered":"<p>Minister Creed appoints Ms. Bernie Gray as Chairperson of Coillte The Minister for Agriculture, Food and the Marine, Michael Creed T.D., today announced that he has appointed Ms. Bernie Gray as Chairperson of Coillte for a five year period. Ms. Gray was appointed following a competitive process conducted by the Public Appointments Service (PAS) in &#038;hellip<\/p>\n","protected":false},"author":8,"featured_media":4454,"comment_status":"open","ping_status":"open","sticky":false,"template":"","format":"standard","meta":{"_acf_changed":false,"inline_featured_image":false,"footnotes":""},"categories":[1],"class_list":["post-4452","post","type-post","status-publish","format-standard","has-post-thumbnail","hentry","category-latest-news","tag-latest-news"],"acf":[],"yoast_head":"<!-- This site is optimized with the Yoast SEO plugin v28.3 - https:\/\/yoast.com\/product\/yoast-seo-wordpress\/ -->\n<title>Minister Creed appoints Ms. Bernie Gray as Chairperson of Coillte - Coillte<\/title>\n<meta name=\"robots\" content=\"noindex, follow, max-snippet:-1, max-image-preview:large, max-video-preview:-1\" \/>\n<meta property=\"og:locale\" content=\"en_US\" \/>\n<meta property=\"og:type\" content=\"article\" \/>\n<meta property=\"og:title\" content=\"Minister Creed appoints Ms. Bernie Gray as Chairperson of Coillte - Coillte\" \/>\n<meta property=\"og:description\" content=\"Minister Creed appoints Ms. Bernie Gray as Chairperson of Coillte The Minister for Agriculture, Food and the Marine, Michael Creed T.D., today announced that he has appointed Ms. Bernie Gray as Chairperson of Coillte for a five year period. Ms. Gray was appointed following a competitive process conducted by the Public Appointments Service (PAS) in &amp;hellip\" \/>\n<meta property=\"og:url\" content=\"https:\/\/www.coillte.ie\/development\/minister-creed-appoints-bernie-gray-as-chairperson-of-coillte\/\" \/>\n<meta property=\"og:site_name\" content=\"Coillte\" \/>\n<meta property=\"article:published_time\" content=\"2019-03-26T17:59:26+00:00\" \/>\n<meta property=\"article:modified_time\" content=\"2019-03-27T10:04:54+00:00\" \/>\n<meta property=\"og:image\" content=\"https:\/\/www.coillte.ie\/development\/wp-content\/uploads\/2019\/03\/NTMK.jpg\" \/>\n\t<meta property=\"og:image:width\" content=\"1024\" \/>\n\t<meta property=\"og:image:height\" content=\"680\" \/>\n\t<meta property=\"og:image:type\" content=\"image\/jpeg\" \/>\n<meta name=\"author\" content=\"Pat Neville\" \/>\n<meta name=\"twitter:card\" content=\"summary_large_image\" \/>\n<meta name=\"twitter:label1\" content=\"Written by\" \/>\n\t<meta name=\"twitter:data1\" content=\"Pat Neville\" \/>\n\t<meta name=\"twitter:label2\" content=\"Est. reading time\" \/>\n\t<meta name=\"twitter:data2\" content=\"3 minutes\" \/>\n<script type=\"application\/ld+json\" class=\"yoast-schema-graph\">{\"@context\":\"https:\\\/\\\/schema.org\",\"@graph\":[{\"@type\":\"Article\",\"@id\":\"https:\\\/\\\/www.coillte.ie\\\/development\\\/minister-creed-appoints-bernie-gray-as-chairperson-of-coillte\\\/#article\",\"isPartOf\":{\"@id\":\"https:\\\/\\\/www.coillte.ie\\\/development\\\/minister-creed-appoints-bernie-gray-as-chairperson-of-coillte\\\/\"},\"author\":{\"name\":\"Pat Neville\",\"@id\":\"https:\\\/\\\/www.coillte.ie\\\/development\\\/#\\\/schema\\\/person\\\/86a3dcefe40e1eff92e6bd605a0a3264\"},\"headline\":\"Minister Creed appoints Ms. Bernie Gray as Chairperson of Coillte\",\"datePublished\":\"2019-03-26T17:59:26+00:00\",\"dateModified\":\"2019-03-27T10:04:54+00:00\",\"mainEntityOfPage\":{\"@id\":\"https:\\\/\\\/www.coillte.ie\\\/development\\\/minister-creed-appoints-bernie-gray-as-chairperson-of-coillte\\\/\"},\"wordCount\":686,\"commentCount\":0,\"publisher\":{\"@id\":\"https:\\\/\\\/www.coillte.ie\\\/development\\\/#organization\"},\"image\":{\"@id\":\"https:\\\/\\\/www.coillte.ie\\\/development\\\/minister-creed-appoints-bernie-gray-as-chairperson-of-coillte\\\/#primaryimage\"},\"thumbnailUrl\":\"https:\\\/\\\/www.coillte.ie\\\/development\\\/wp-content\\\/uploads\\\/2019\\\/03\\\/NTMK.jpg\",\"keywords\":[\"latest news\"],\"articleSection\":[\"Latest News\"],\"inLanguage\":\"en-US\",\"potentialAction\":[{\"@type\":\"CommentAction\",\"name\":\"Comment\",\"target\":[\"https:\\\/\\\/www.coillte.ie\\\/development\\\/minister-creed-appoints-bernie-gray-as-chairperson-of-coillte\\\/#respond\"]}]},{\"@type\":\"WebPage\",\"@id\":\"https:\\\/\\\/www.coillte.ie\\\/development\\\/minister-creed-appoints-bernie-gray-as-chairperson-of-coillte\\\/\",\"url\":\"https:\\\/\\\/www.coillte.ie\\\/development\\\/minister-creed-appoints-bernie-gray-as-chairperson-of-coillte\\\/\",\"name\":\"Minister Creed appoints Ms. Bernie Gray as Chairperson of Coillte - Coillte\",\"isPartOf\":{\"@id\":\"https:\\\/\\\/www.coillte.ie\\\/development\\\/#website\"},\"primaryImageOfPage\":{\"@id\":\"https:\\\/\\\/www.coillte.ie\\\/development\\\/minister-creed-appoints-bernie-gray-as-chairperson-of-coillte\\\/#primaryimage\"},\"image\":{\"@id\":\"https:\\\/\\\/www.coillte.ie\\\/development\\\/minister-creed-appoints-bernie-gray-as-chairperson-of-coillte\\\/#primaryimage\"},\"thumbnailUrl\":\"https:\\\/\\\/www.coillte.ie\\\/development\\\/wp-content\\\/uploads\\\/2019\\\/03\\\/NTMK.jpg\",\"datePublished\":\"2019-03-26T17:59:26+00:00\",\"dateModified\":\"2019-03-27T10:04:54+00:00\",\"breadcrumb\":{\"@id\":\"https:\\\/\\\/www.coillte.ie\\\/development\\\/minister-creed-appoints-bernie-gray-as-chairperson-of-coillte\\\/#breadcrumb\"},\"inLanguage\":\"en-US\",\"potentialAction\":[{\"@type\":\"ReadAction\",\"target\":[\"https:\\\/\\\/www.coillte.ie\\\/development\\\/minister-creed-appoints-bernie-gray-as-chairperson-of-coillte\\\/\"]}]},{\"@type\":\"ImageObject\",\"inLanguage\":\"en-US\",\"@id\":\"https:\\\/\\\/www.coillte.ie\\\/development\\\/minister-creed-appoints-bernie-gray-as-chairperson-of-coillte\\\/#primaryimage\",\"url\":\"https:\\\/\\\/www.coillte.ie\\\/development\\\/wp-content\\\/uploads\\\/2019\\\/03\\\/NTMK.jpg\",\"contentUrl\":\"https:\\\/\\\/www.coillte.ie\\\/development\\\/wp-content\\\/uploads\\\/2019\\\/03\\\/NTMK.jpg\",\"width\":1024,\"height\":680,\"caption\":\"NTMK\"},{\"@type\":\"BreadcrumbList\",\"@id\":\"https:\\\/\\\/www.coillte.ie\\\/development\\\/minister-creed-appoints-bernie-gray-as-chairperson-of-coillte\\\/#breadcrumb\",\"itemListElement\":[{\"@type\":\"ListItem\",\"position\":1,\"name\":\"Home\",\"item\":\"https:\\\/\\\/www.coillte.ie\\\/development\\\/\"},{\"@type\":\"ListItem\",\"position\":2,\"name\":\"Minister Creed appoints Ms. Bernie Gray as Chairperson of Coillte\"}]},{\"@type\":\"WebSite\",\"@id\":\"https:\\\/\\\/www.coillte.ie\\\/development\\\/#website\",\"url\":\"https:\\\/\\\/www.coillte.ie\\\/development\\\/\",\"name\":\"Coillte\",\"description\":\"\",\"publisher\":{\"@id\":\"https:\\\/\\\/www.coillte.ie\\\/development\\\/#organization\"},\"potentialAction\":[{\"@type\":\"SearchAction\",\"target\":{\"@type\":\"EntryPoint\",\"urlTemplate\":\"https:\\\/\\\/www.coillte.ie\\\/development\\\/?s={search_term_string}\"},\"query-input\":{\"@type\":\"PropertyValueSpecification\",\"valueRequired\":true,\"valueName\":\"search_term_string\"}}],\"inLanguage\":\"en-US\"},{\"@type\":\"Organization\",\"@id\":\"https:\\\/\\\/www.coillte.ie\\\/development\\\/#organization\",\"name\":\"Coillte\",\"url\":\"https:\\\/\\\/www.coillte.ie\\\/development\\\/\",\"logo\":{\"@type\":\"ImageObject\",\"inLanguage\":\"en-US\",\"@id\":\"https:\\\/\\\/www.coillte.ie\\\/development\\\/#\\\/schema\\\/logo\\\/image\\\/\",\"url\":\"https:\\\/\\\/www.coillte.ie\\\/development\\\/wp-content\\\/uploads\\\/2021\\\/11\\\/coillte_logo-v4_1-1.svg\",\"contentUrl\":\"https:\\\/\\\/www.coillte.ie\\\/development\\\/wp-content\\\/uploads\\\/2021\\\/11\\\/coillte_logo-v4_1-1.svg\",\"width\":151,\"height\":27,\"caption\":\"Coillte\"},\"image\":{\"@id\":\"https:\\\/\\\/www.coillte.ie\\\/development\\\/#\\\/schema\\\/logo\\\/image\\\/\"}},{\"@type\":\"Person\",\"@id\":\"https:\\\/\\\/www.coillte.ie\\\/development\\\/#\\\/schema\\\/person\\\/86a3dcefe40e1eff92e6bd605a0a3264\",\"name\":\"Pat Neville\",\"image\":{\"@type\":\"ImageObject\",\"inLanguage\":\"en-US\",\"@id\":\"https:\\\/\\\/secure.gravatar.com\\\/avatar\\\/5059b42f9840b3a85170526f0f06a8d9784a27337046ad4a51412316c75d6617?s=96&d=mm&r=g\",\"url\":\"https:\\\/\\\/secure.gravatar.com\\\/avatar\\\/5059b42f9840b3a85170526f0f06a8d9784a27337046ad4a51412316c75d6617?s=96&d=mm&r=g\",\"contentUrl\":\"https:\\\/\\\/secure.gravatar.com\\\/avatar\\\/5059b42f9840b3a85170526f0f06a8d9784a27337046ad4a51412316c75d6617?s=96&d=mm&r=g\",\"caption\":\"Pat Neville\"}}]}<\/script>\n<!-- \/ Yoast SEO plugin. -->","yoast_head_json":{"title":"Minister Creed appoints Ms. Bernie Gray as Chairperson of Coillte - Coillte","robots":{"index":"noindex","follow":"follow","max-snippet":"max-snippet:-1","max-image-preview":"max-image-preview:large","max-video-preview":"max-video-preview:-1"},"og_locale":"en_US","og_type":"article","og_title":"Minister Creed appoints Ms. Bernie Gray as Chairperson of Coillte - Coillte","og_description":"Minister Creed appoints Ms. Bernie Gray as Chairperson of Coillte The Minister for Agriculture, Food and the Marine, Michael Creed T.D., today announced that he has appointed Ms. Bernie Gray as Chairperson of Coillte for a five year period. Ms. Gray was appointed following a competitive process conducted by the Public Appointments Service (PAS) in &hellip","og_url":"https:\/\/www.coillte.ie\/development\/minister-creed-appoints-bernie-gray-as-chairperson-of-coillte\/","og_site_name":"Coillte","article_published_time":"2019-03-26T17:59:26+00:00","article_modified_time":"2019-03-27T10:04:54+00:00","og_image":[{"width":1024,"height":680,"url":"https:\/\/www.coillte.ie\/development\/wp-content\/uploads\/2019\/03\/NTMK.jpg","type":"image\/jpeg"}],"author":"Pat Neville","twitter_card":"summary_large_image","twitter_misc":{"Written by":"Pat Neville","Est. reading time":"3 minutes"},"schema":{"@context":"https:\/\/schema.org","@graph":[{"@type":"Article","@id":"https:\/\/www.coillte.ie\/development\/minister-creed-appoints-bernie-gray-as-chairperson-of-coillte\/#article","isPartOf":{"@id":"https:\/\/www.coillte.ie\/development\/minister-creed-appoints-bernie-gray-as-chairperson-of-coillte\/"},"author":{"name":"Pat Neville","@id":"https:\/\/www.coillte.ie\/development\/#\/schema\/person\/86a3dcefe40e1eff92e6bd605a0a3264"},"headline":"Minister Creed appoints Ms. Bernie Gray as Chairperson of Coillte","datePublished":"2019-03-26T17:59:26+00:00","dateModified":"2019-03-27T10:04:54+00:00","mainEntityOfPage":{"@id":"https:\/\/www.coillte.ie\/development\/minister-creed-appoints-bernie-gray-as-chairperson-of-coillte\/"},"wordCount":686,"commentCount":0,"publisher":{"@id":"https:\/\/www.coillte.ie\/development\/#organization"},"image":{"@id":"https:\/\/www.coillte.ie\/development\/minister-creed-appoints-bernie-gray-as-chairperson-of-coillte\/#primaryimage"},"thumbnailUrl":"https:\/\/www.coillte.ie\/development\/wp-content\/uploads\/2019\/03\/NTMK.jpg","keywords":["latest news"],"articleSection":["Latest News"],"inLanguage":"en-US","potentialAction":[{"@type":"CommentAction","name":"Comment","target":["https:\/\/www.coillte.ie\/development\/minister-creed-appoints-bernie-gray-as-chairperson-of-coillte\/#respond"]}]},{"@type":"WebPage","@id":"https:\/\/www.coillte.ie\/development\/minister-creed-appoints-bernie-gray-as-chairperson-of-coillte\/","url":"https:\/\/www.coillte.ie\/development\/minister-creed-appoints-bernie-gray-as-chairperson-of-coillte\/","name":"Minister Creed appoints Ms. Bernie Gray as Chairperson of Coillte - Coillte","isPartOf":{"@id":"https:\/\/www.coillte.ie\/development\/#website"},"primaryImageOfPage":{"@id":"https:\/\/www.coillte.ie\/development\/minister-creed-appoints-bernie-gray-as-chairperson-of-coillte\/#primaryimage"},"image":{"@id":"https:\/\/www.coillte.ie\/development\/minister-creed-appoints-bernie-gray-as-chairperson-of-coillte\/#primaryimage"},"thumbnailUrl":"https:\/\/www.coillte.ie\/development\/wp-content\/uploads\/2019\/03\/NTMK.jpg","datePublished":"2019-03-26T17:59:26+00:00","dateModified":"2019-03-27T10:04:54+00:00","breadcrumb":{"@id":"https:\/\/www.coillte.ie\/development\/minister-creed-appoints-bernie-gray-as-chairperson-of-coillte\/#breadcrumb"},"inLanguage":"en-US","potentialAction":[{"@type":"ReadAction","target":["https:\/\/www.coillte.ie\/development\/minister-creed-appoints-bernie-gray-as-chairperson-of-coillte\/"]}]},{"@type":"ImageObject","inLanguage":"en-US","@id":"https:\/\/www.coillte.ie\/development\/minister-creed-appoints-bernie-gray-as-chairperson-of-coillte\/#primaryimage","url":"https:\/\/www.coillte.ie\/development\/wp-content\/uploads\/2019\/03\/NTMK.jpg","contentUrl":"https:\/\/www.coillte.ie\/development\/wp-content\/uploads\/2019\/03\/NTMK.jpg","width":1024,"height":680,"caption":"NTMK"},{"@type":"BreadcrumbList","@id":"https:\/\/www.coillte.ie\/development\/minister-creed-appoints-bernie-gray-as-chairperson-of-coillte\/#breadcrumb","itemListElement":[{"@type":"ListItem","position":1,"name":"Home","item":"https:\/\/www.coillte.ie\/development\/"},{"@type":"ListItem","position":2,"name":"Minister Creed appoints Ms. Bernie Gray as Chairperson of Coillte"}]},{"@type":"WebSite","@id":"https:\/\/www.coillte.ie\/development\/#website","url":"https:\/\/www.coillte.ie\/development\/","name":"Coillte","description":"","publisher":{"@id":"https:\/\/www.coillte.ie\/development\/#organization"},"potentialAction":[{"@type":"SearchAction","target":{"@type":"EntryPoint","urlTemplate":"https:\/\/www.coillte.ie\/development\/?s={search_term_string}"},"query-input":{"@type":"PropertyValueSpecification","valueRequired":true,"valueName":"search_term_string"}}],"inLanguage":"en-US"},{"@type":"Organization","@id":"https:\/\/www.coillte.ie\/development\/#organization","name":"Coillte","url":"https:\/\/www.coillte.ie\/development\/","logo":{"@type":"ImageObject","inLanguage":"en-US","@id":"https:\/\/www.coillte.ie\/development\/#\/schema\/logo\/image\/","url":"https:\/\/www.coillte.ie\/development\/wp-content\/uploads\/2021\/11\/coillte_logo-v4_1-1.svg","contentUrl":"https:\/\/www.coillte.ie\/development\/wp-content\/uploads\/2021\/11\/coillte_logo-v4_1-1.svg","width":151,"height":27,"caption":"Coillte"},"image":{"@id":"https:\/\/www.coillte.ie\/development\/#\/schema\/logo\/image\/"}},{"@type":"Person","@id":"https:\/\/www.coillte.ie\/development\/#\/schema\/person\/86a3dcefe40e1eff92e6bd605a0a3264","name":"Pat Neville","image":{"@type":"ImageObject","inLanguage":"en-US","@id":"https:\/\/secure.gravatar.com\/avatar\/5059b42f9840b3a85170526f0f06a8d9784a27337046ad4a51412316c75d6617?s=96&d=mm&r=g","url":"https:\/\/secure.gravatar.com\/avatar\/5059b42f9840b3a85170526f0f06a8d9784a27337046ad4a51412316c75d6617?s=96&d=mm&r=g","contentUrl":"https:\/\/secure.gravatar.com\/avatar\/5059b42f9840b3a85170526f0f06a8d9784a27337046ad4a51412316c75d6617?s=96&d=mm&r=g","caption":"Pat Neville"}}]}},"_links":{"self":[{"href":"https:\/\/www.coillte.ie\/development\/wp-json\/wp\/v2\/posts\/4452","targetHints":{"allow":["GET"]}}],"collection":[{"href":"https:\/\/www.coillte.ie\/development\/wp-json\/wp\/v2\/posts"}],"about":[{"href":"https:\/\/www.coillte.ie\/development\/wp-json\/wp\/v2\/types\/post"}],"author":[{"embeddable":true,"href":"https:\/\/www.coillte.ie\/development\/wp-json\/wp\/v2\/users\/8"}],"replies":[{"embeddable":true,"href":"https:\/\/www.coillte.ie\/development\/wp-json\/wp\/v2\/comments?post=4452"}],"version-history":[{"count":0,"href":"https:\/\/www.coillte.ie\/development\/wp-json\/wp\/v2\/posts\/4452\/revisions"}],"wp:featuredmedia":[{"embeddable":true,"href":"https:\/\/www.coillte.ie\/development\/wp-json\/wp\/v2\/media\/4454"}],"wp:attachment":[{"href":"https:\/\/www.coillte.ie\/development\/wp-json\/wp\/v2\/media?parent=4452"}],"wp:term":[{"taxonomy":"category","embeddable":true,"href":"https:\/\/www.coillte.ie\/development\/wp-json\/wp\/v2\/categories?post=4452"}],"curies":[{"name":"wp","href":"https:\/\/api.w.org\/{rel}","templated":true}]}}