{"id":3799,"date":"2017-10-10T11:39:20","date_gmt":"2017-10-10T11:39:20","guid":{"rendered":"http:\/\/www.coillte.ie\/development\/?p=3799"},"modified":"2017-10-10T11:39:20","modified_gmt":"2017-10-10T11:39:20","slug":"coillte-celebrate-tree-day-2017","status":"publish","type":"post","link":"https:\/\/www.coillte.ie\/development\/coillte-celebrate-tree-day-2017\/","title":{"rendered":"Coillte Celebrate Tree Day 2017"},"content":{"rendered":"<p><strong>\u00a0<\/strong><\/p>\n<figure id=\"attachment_3798\" aria-describedby=\"caption-attachment-3798\" style=\"width: 1024px\" class=\"wp-caption alignnone\"><img loading=\"lazy\" decoding=\"async\" class=\"size-full wp-image-3798\" src=\"http:\/\/www.coillte.ie\/development\/media\/2017\/10\/Coillte-Tree-Day-Avondale-2017.jpg\" alt=\"Children in Playground at Coillte'f forest park in Avondale for Tree Day 2017\" width=\"1024\" height=\"576\" \/><figcaption id=\"caption-attachment-3798\" class=\"wp-caption-text\">Coillte Tree Day Avondale Forest Park County Wicklow October 2017<\/figcaption><\/figure>\n<hr \/>\n<p>Coillte celebrated Tetra Pak Tree Day 2017 with a visit to Avondale forest park from Carysfort National School, Arklow County Wicklow.<\/p>\n<p>Over 120 children enjoyed the fine weather on the day and were led on forest walks through the park by Coillte staff. The children learned all about the different types of trees that grow in Avondale forest park and a great day was had by all.<\/p>\n<p>This year&#8217;s theme for Tetra Pak Tree Day is Our Planet, Our Choice or \u00c1r bPl\u00e1in\u00e9id, \u00c1r Rogha and the campaign is all about the importance of natural resources like our trees.<\/p>\n<p>More information on tree day can be found at the Tree Council of Ireland\u2019s website <a href=\"https:\/\/treecouncil.ie\/\" target=\"_blank\" rel=\"noopener\">https:\/\/treecouncil.ie\/<\/a><\/p>\n<p>&nbsp;<\/p>\n<p>&nbsp;<\/p>\n<p>&nbsp;<\/p>\n<p>About Coillte<\/p>\n<p>Coillte is a commercial forestry company, owned by the State, that manages approximately 7% of the country\u2019s land. Coillte operate three strong business from this land \u2013 their core forestry business, a wood panels manufacturing business MEDITE SMARTPLY and a land solutions business. Coillte manage assets with a value of \u20ac1.5 billion and in the financial year 31 December 2016 it generated EBITDA of \u20ac98.3 million. Coillte\u2019s vision is to be the best forestry and land solutions company in Europe. To find out more visit www.coillte.ie<\/p>\n","protected":false},"excerpt":{"rendered":"<p>Coillte Celebrate Tree Day 2017<\/p>\n","protected":false},"author":8,"featured_media":3798,"comment_status":"open","ping_status":"open","sticky":false,"template":"","format":"standard","meta":{"_acf_changed":false,"inline_featured_image":false,"footnotes":""},"categories":[1],"class_list":["post-3799","post","type-post","status-publish","format-standard","has-post-thumbnail","hentry","category-latest-news"],"acf":[],"yoast_head":"<!-- This site is optimized with the Yoast SEO plugin v28.3 - https:\/\/yoast.com\/product\/yoast-seo-wordpress\/ -->\n<title>Coillte Celebrate Tree Day 2017 - Coillte<\/title>\n<meta name=\"robots\" content=\"noindex, follow, max-snippet:-1, max-image-preview:large, max-video-preview:-1\" \/>\n<meta property=\"og:locale\" content=\"en_US\" \/>\n<meta property=\"og:type\" content=\"article\" \/>\n<meta property=\"og:title\" content=\"Coillte Celebrate Tree Day 2017 - Coillte\" \/>\n<meta property=\"og:description\" content=\"Coillte Celebrate Tree Day 2017\" \/>\n<meta property=\"og:url\" content=\"https:\/\/www.coillte.ie\/development\/coillte-celebrate-tree-day-2017\/\" \/>\n<meta property=\"og:site_name\" content=\"Coillte\" \/>\n<meta property=\"article:published_time\" content=\"2017-10-10T11:39:20+00:00\" \/>\n<meta property=\"og:image\" content=\"https:\/\/www.coillte.ie\/development\/wp-content\/uploads\/2017\/10\/Coillte-Tree-Day-Avondale-2017.jpg\" \/>\n\t<meta property=\"og:image:width\" content=\"1024\" \/>\n\t<meta property=\"og:image:height\" content=\"576\" \/>\n\t<meta property=\"og:image:type\" content=\"image\/jpeg\" \/>\n<meta name=\"author\" content=\"Pat Neville\" \/>\n<meta name=\"twitter:card\" content=\"summary_large_image\" \/>\n<meta name=\"twitter:label1\" content=\"Written by\" \/>\n\t<meta name=\"twitter:data1\" content=\"Pat Neville\" \/>\n\t<meta name=\"twitter:label2\" content=\"Est. reading time\" \/>\n\t<meta name=\"twitter:data2\" content=\"1 minute\" \/>\n<script type=\"application\/ld+json\" class=\"yoast-schema-graph\">{\"@context\":\"https:\\\/\\\/schema.org\",\"@graph\":[{\"@type\":\"Article\",\"@id\":\"https:\\\/\\\/www.coillte.ie\\\/development\\\/coillte-celebrate-tree-day-2017\\\/#article\",\"isPartOf\":{\"@id\":\"https:\\\/\\\/www.coillte.ie\\\/development\\\/coillte-celebrate-tree-day-2017\\\/\"},\"author\":{\"name\":\"Pat Neville\",\"@id\":\"https:\\\/\\\/www.coillte.ie\\\/development\\\/#\\\/schema\\\/person\\\/86a3dcefe40e1eff92e6bd605a0a3264\"},\"headline\":\"Coillte Celebrate Tree Day 2017\",\"datePublished\":\"2017-10-10T11:39:20+00:00\",\"mainEntityOfPage\":{\"@id\":\"https:\\\/\\\/www.coillte.ie\\\/development\\\/coillte-celebrate-tree-day-2017\\\/\"},\"wordCount\":228,\"commentCount\":0,\"publisher\":{\"@id\":\"https:\\\/\\\/www.coillte.ie\\\/development\\\/#organization\"},\"image\":{\"@id\":\"https:\\\/\\\/www.coillte.ie\\\/development\\\/coillte-celebrate-tree-day-2017\\\/#primaryimage\"},\"thumbnailUrl\":\"https:\\\/\\\/www.coillte.ie\\\/development\\\/wp-content\\\/uploads\\\/2017\\\/10\\\/Coillte-Tree-Day-Avondale-2017.jpg\",\"articleSection\":[\"Latest News\"],\"inLanguage\":\"en-US\",\"potentialAction\":[{\"@type\":\"CommentAction\",\"name\":\"Comment\",\"target\":[\"https:\\\/\\\/www.coillte.ie\\\/development\\\/coillte-celebrate-tree-day-2017\\\/#respond\"]}]},{\"@type\":\"WebPage\",\"@id\":\"https:\\\/\\\/www.coillte.ie\\\/development\\\/coillte-celebrate-tree-day-2017\\\/\",\"url\":\"https:\\\/\\\/www.coillte.ie\\\/development\\\/coillte-celebrate-tree-day-2017\\\/\",\"name\":\"Coillte Celebrate Tree Day 2017 - Coillte\",\"isPartOf\":{\"@id\":\"https:\\\/\\\/www.coillte.ie\\\/development\\\/#website\"},\"primaryImageOfPage\":{\"@id\":\"https:\\\/\\\/www.coillte.ie\\\/development\\\/coillte-celebrate-tree-day-2017\\\/#primaryimage\"},\"image\":{\"@id\":\"https:\\\/\\\/www.coillte.ie\\\/development\\\/coillte-celebrate-tree-day-2017\\\/#primaryimage\"},\"thumbnailUrl\":\"https:\\\/\\\/www.coillte.ie\\\/development\\\/wp-content\\\/uploads\\\/2017\\\/10\\\/Coillte-Tree-Day-Avondale-2017.jpg\",\"datePublished\":\"2017-10-10T11:39:20+00:00\",\"breadcrumb\":{\"@id\":\"https:\\\/\\\/www.coillte.ie\\\/development\\\/coillte-celebrate-tree-day-2017\\\/#breadcrumb\"},\"inLanguage\":\"en-US\",\"potentialAction\":[{\"@type\":\"ReadAction\",\"target\":[\"https:\\\/\\\/www.coillte.ie\\\/development\\\/coillte-celebrate-tree-day-2017\\\/\"]}]},{\"@type\":\"ImageObject\",\"inLanguage\":\"en-US\",\"@id\":\"https:\\\/\\\/www.coillte.ie\\\/development\\\/coillte-celebrate-tree-day-2017\\\/#primaryimage\",\"url\":\"https:\\\/\\\/www.coillte.ie\\\/development\\\/wp-content\\\/uploads\\\/2017\\\/10\\\/Coillte-Tree-Day-Avondale-2017.jpg\",\"contentUrl\":\"https:\\\/\\\/www.coillte.ie\\\/development\\\/wp-content\\\/uploads\\\/2017\\\/10\\\/Coillte-Tree-Day-Avondale-2017.jpg\",\"width\":1024,\"height\":576,\"caption\":\"Coillte Tree Day Avondale 2017\"},{\"@type\":\"BreadcrumbList\",\"@id\":\"https:\\\/\\\/www.coillte.ie\\\/development\\\/coillte-celebrate-tree-day-2017\\\/#breadcrumb\",\"itemListElement\":[{\"@type\":\"ListItem\",\"position\":1,\"name\":\"Home\",\"item\":\"https:\\\/\\\/www.coillte.ie\\\/development\\\/\"},{\"@type\":\"ListItem\",\"position\":2,\"name\":\"Coillte Celebrate Tree Day 2017\"}]},{\"@type\":\"WebSite\",\"@id\":\"https:\\\/\\\/www.coillte.ie\\\/development\\\/#website\",\"url\":\"https:\\\/\\\/www.coillte.ie\\\/development\\\/\",\"name\":\"Coillte\",\"description\":\"\",\"publisher\":{\"@id\":\"https:\\\/\\\/www.coillte.ie\\\/development\\\/#organization\"},\"potentialAction\":[{\"@type\":\"SearchAction\",\"target\":{\"@type\":\"EntryPoint\",\"urlTemplate\":\"https:\\\/\\\/www.coillte.ie\\\/development\\\/?s={search_term_string}\"},\"query-input\":{\"@type\":\"PropertyValueSpecification\",\"valueRequired\":true,\"valueName\":\"search_term_string\"}}],\"inLanguage\":\"en-US\"},{\"@type\":\"Organization\",\"@id\":\"https:\\\/\\\/www.coillte.ie\\\/development\\\/#organization\",\"name\":\"Coillte\",\"url\":\"https:\\\/\\\/www.coillte.ie\\\/development\\\/\",\"logo\":{\"@type\":\"ImageObject\",\"inLanguage\":\"en-US\",\"@id\":\"https:\\\/\\\/www.coillte.ie\\\/development\\\/#\\\/schema\\\/logo\\\/image\\\/\",\"url\":\"https:\\\/\\\/www.coillte.ie\\\/development\\\/wp-content\\\/uploads\\\/2021\\\/11\\\/coillte_logo-v4_1-1.svg\",\"contentUrl\":\"https:\\\/\\\/www.coillte.ie\\\/development\\\/wp-content\\\/uploads\\\/2021\\\/11\\\/coillte_logo-v4_1-1.svg\",\"width\":151,\"height\":27,\"caption\":\"Coillte\"},\"image\":{\"@id\":\"https:\\\/\\\/www.coillte.ie\\\/development\\\/#\\\/schema\\\/logo\\\/image\\\/\"}},{\"@type\":\"Person\",\"@id\":\"https:\\\/\\\/www.coillte.ie\\\/development\\\/#\\\/schema\\\/person\\\/86a3dcefe40e1eff92e6bd605a0a3264\",\"name\":\"Pat Neville\",\"image\":{\"@type\":\"ImageObject\",\"inLanguage\":\"en-US\",\"@id\":\"https:\\\/\\\/secure.gravatar.com\\\/avatar\\\/5059b42f9840b3a85170526f0f06a8d9784a27337046ad4a51412316c75d6617?s=96&d=mm&r=g\",\"url\":\"https:\\\/\\\/secure.gravatar.com\\\/avatar\\\/5059b42f9840b3a85170526f0f06a8d9784a27337046ad4a51412316c75d6617?s=96&d=mm&r=g\",\"contentUrl\":\"https:\\\/\\\/secure.gravatar.com\\\/avatar\\\/5059b42f9840b3a85170526f0f06a8d9784a27337046ad4a51412316c75d6617?s=96&d=mm&r=g\",\"caption\":\"Pat Neville\"}}]}<\/script>\n<!-- \/ Yoast SEO plugin. -->","yoast_head_json":{"title":"Coillte Celebrate Tree Day 2017 - Coillte","robots":{"index":"noindex","follow":"follow","max-snippet":"max-snippet:-1","max-image-preview":"max-image-preview:large","max-video-preview":"max-video-preview:-1"},"og_locale":"en_US","og_type":"article","og_title":"Coillte Celebrate Tree Day 2017 - Coillte","og_description":"Coillte Celebrate Tree Day 2017","og_url":"https:\/\/www.coillte.ie\/development\/coillte-celebrate-tree-day-2017\/","og_site_name":"Coillte","article_published_time":"2017-10-10T11:39:20+00:00","og_image":[{"width":1024,"height":576,"url":"https:\/\/www.coillte.ie\/development\/wp-content\/uploads\/2017\/10\/Coillte-Tree-Day-Avondale-2017.jpg","type":"image\/jpeg"}],"author":"Pat Neville","twitter_card":"summary_large_image","twitter_misc":{"Written by":"Pat Neville","Est. reading time":"1 minute"},"schema":{"@context":"https:\/\/schema.org","@graph":[{"@type":"Article","@id":"https:\/\/www.coillte.ie\/development\/coillte-celebrate-tree-day-2017\/#article","isPartOf":{"@id":"https:\/\/www.coillte.ie\/development\/coillte-celebrate-tree-day-2017\/"},"author":{"name":"Pat Neville","@id":"https:\/\/www.coillte.ie\/development\/#\/schema\/person\/86a3dcefe40e1eff92e6bd605a0a3264"},"headline":"Coillte Celebrate Tree Day 2017","datePublished":"2017-10-10T11:39:20+00:00","mainEntityOfPage":{"@id":"https:\/\/www.coillte.ie\/development\/coillte-celebrate-tree-day-2017\/"},"wordCount":228,"commentCount":0,"publisher":{"@id":"https:\/\/www.coillte.ie\/development\/#organization"},"image":{"@id":"https:\/\/www.coillte.ie\/development\/coillte-celebrate-tree-day-2017\/#primaryimage"},"thumbnailUrl":"https:\/\/www.coillte.ie\/development\/wp-content\/uploads\/2017\/10\/Coillte-Tree-Day-Avondale-2017.jpg","articleSection":["Latest News"],"inLanguage":"en-US","potentialAction":[{"@type":"CommentAction","name":"Comment","target":["https:\/\/www.coillte.ie\/development\/coillte-celebrate-tree-day-2017\/#respond"]}]},{"@type":"WebPage","@id":"https:\/\/www.coillte.ie\/development\/coillte-celebrate-tree-day-2017\/","url":"https:\/\/www.coillte.ie\/development\/coillte-celebrate-tree-day-2017\/","name":"Coillte Celebrate Tree Day 2017 - Coillte","isPartOf":{"@id":"https:\/\/www.coillte.ie\/development\/#website"},"primaryImageOfPage":{"@id":"https:\/\/www.coillte.ie\/development\/coillte-celebrate-tree-day-2017\/#primaryimage"},"image":{"@id":"https:\/\/www.coillte.ie\/development\/coillte-celebrate-tree-day-2017\/#primaryimage"},"thumbnailUrl":"https:\/\/www.coillte.ie\/development\/wp-content\/uploads\/2017\/10\/Coillte-Tree-Day-Avondale-2017.jpg","datePublished":"2017-10-10T11:39:20+00:00","breadcrumb":{"@id":"https:\/\/www.coillte.ie\/development\/coillte-celebrate-tree-day-2017\/#breadcrumb"},"inLanguage":"en-US","potentialAction":[{"@type":"ReadAction","target":["https:\/\/www.coillte.ie\/development\/coillte-celebrate-tree-day-2017\/"]}]},{"@type":"ImageObject","inLanguage":"en-US","@id":"https:\/\/www.coillte.ie\/development\/coillte-celebrate-tree-day-2017\/#primaryimage","url":"https:\/\/www.coillte.ie\/development\/wp-content\/uploads\/2017\/10\/Coillte-Tree-Day-Avondale-2017.jpg","contentUrl":"https:\/\/www.coillte.ie\/development\/wp-content\/uploads\/2017\/10\/Coillte-Tree-Day-Avondale-2017.jpg","width":1024,"height":576,"caption":"Coillte Tree Day Avondale 2017"},{"@type":"BreadcrumbList","@id":"https:\/\/www.coillte.ie\/development\/coillte-celebrate-tree-day-2017\/#breadcrumb","itemListElement":[{"@type":"ListItem","position":1,"name":"Home","item":"https:\/\/www.coillte.ie\/development\/"},{"@type":"ListItem","position":2,"name":"Coillte Celebrate Tree Day 2017"}]},{"@type":"WebSite","@id":"https:\/\/www.coillte.ie\/development\/#website","url":"https:\/\/www.coillte.ie\/development\/","name":"Coillte","description":"","publisher":{"@id":"https:\/\/www.coillte.ie\/development\/#organization"},"potentialAction":[{"@type":"SearchAction","target":{"@type":"EntryPoint","urlTemplate":"https:\/\/www.coillte.ie\/development\/?s={search_term_string}"},"query-input":{"@type":"PropertyValueSpecification","valueRequired":true,"valueName":"search_term_string"}}],"inLanguage":"en-US"},{"@type":"Organization","@id":"https:\/\/www.coillte.ie\/development\/#organization","name":"Coillte","url":"https:\/\/www.coillte.ie\/development\/","logo":{"@type":"ImageObject","inLanguage":"en-US","@id":"https:\/\/www.coillte.ie\/development\/#\/schema\/logo\/image\/","url":"https:\/\/www.coillte.ie\/development\/wp-content\/uploads\/2021\/11\/coillte_logo-v4_1-1.svg","contentUrl":"https:\/\/www.coillte.ie\/development\/wp-content\/uploads\/2021\/11\/coillte_logo-v4_1-1.svg","width":151,"height":27,"caption":"Coillte"},"image":{"@id":"https:\/\/www.coillte.ie\/development\/#\/schema\/logo\/image\/"}},{"@type":"Person","@id":"https:\/\/www.coillte.ie\/development\/#\/schema\/person\/86a3dcefe40e1eff92e6bd605a0a3264","name":"Pat Neville","image":{"@type":"ImageObject","inLanguage":"en-US","@id":"https:\/\/secure.gravatar.com\/avatar\/5059b42f9840b3a85170526f0f06a8d9784a27337046ad4a51412316c75d6617?s=96&d=mm&r=g","url":"https:\/\/secure.gravatar.com\/avatar\/5059b42f9840b3a85170526f0f06a8d9784a27337046ad4a51412316c75d6617?s=96&d=mm&r=g","contentUrl":"https:\/\/secure.gravatar.com\/avatar\/5059b42f9840b3a85170526f0f06a8d9784a27337046ad4a51412316c75d6617?s=96&d=mm&r=g","caption":"Pat Neville"}}]}},"_links":{"self":[{"href":"https:\/\/www.coillte.ie\/development\/wp-json\/wp\/v2\/posts\/3799","targetHints":{"allow":["GET"]}}],"collection":[{"href":"https:\/\/www.coillte.ie\/development\/wp-json\/wp\/v2\/posts"}],"about":[{"href":"https:\/\/www.coillte.ie\/development\/wp-json\/wp\/v2\/types\/post"}],"author":[{"embeddable":true,"href":"https:\/\/www.coillte.ie\/development\/wp-json\/wp\/v2\/users\/8"}],"replies":[{"embeddable":true,"href":"https:\/\/www.coillte.ie\/development\/wp-json\/wp\/v2\/comments?post=3799"}],"version-history":[{"count":0,"href":"https:\/\/www.coillte.ie\/development\/wp-json\/wp\/v2\/posts\/3799\/revisions"}],"wp:featuredmedia":[{"embeddable":true,"href":"https:\/\/www.coillte.ie\/development\/wp-json\/wp\/v2\/media\/3798"}],"wp:attachment":[{"href":"https:\/\/www.coillte.ie\/development\/wp-json\/wp\/v2\/media?parent=3799"}],"wp:term":[{"taxonomy":"category","embeddable":true,"href":"https:\/\/www.coillte.ie\/development\/wp-json\/wp\/v2\/categories?post=3799"}],"curies":[{"name":"wp","href":"https:\/\/api.w.org\/{rel}","templated":true}]}}