{"id":12380,"date":"2026-03-10T12:18:01","date_gmt":"2026-03-10T12:18:01","guid":{"rendered":"https:\/\/www.coillte.ie\/development\/?p=12380"},"modified":"2026-03-10T15:49:48","modified_gmt":"2026-03-10T15:49:48","slug":"uachtaran-na-heireann-catherine-connolly-launches-national-tree-week-2026-with-ceremonial-tree-planting","status":"publish","type":"post","link":"https:\/\/www.coillte.ie\/development\/uachtaran-na-heireann-catherine-connolly-launches-national-tree-week-2026-with-ceremonial-tree-planting\/","title":{"rendered":"Uachtar\u00e1n na h\u00c9ireann, Catherine Connolly, Launches National Tree Week 2026 with Ceremonial Tree Planting"},"content":{"rendered":"<div id=\"pl-12380\"  class=\"panel-layout\" ><div id=\"pg-12380-0\"  class=\"panel-grid panel-no-style\" ><div id=\"pgc-12380-0-0\"  class=\"panel-grid-cell\" ><div id=\"panel-12380-0-0-0\" class=\"so-panel widget widget_sow-image panel-first-child panel-last-child\" data-index=\"0\" ><div\n\t\t\t\n\t\t\tclass=\"so-widget-sow-image so-widget-sow-image-default-8b5b6f678277-12380\"\n\t\t\t\n\t\t>\n<div class=\"sow-image-container\">\n\t\t<img \n\tsrc=\"https:\/\/www.coillte.ie\/development\/wp-content\/uploads\/2026\/03\/National-Tree-Week-2026.jpg\" width=\"600\" height=\"400\" srcset=\"https:\/\/www.coillte.ie\/development\/wp-content\/uploads\/2026\/03\/National-Tree-Week-2026.jpg 600w, https:\/\/www.coillte.ie\/development\/wp-content\/uploads\/2026\/03\/National-Tree-Week-2026-300x200.jpg 300w, https:\/\/www.coillte.ie\/development\/wp-content\/uploads\/2026\/03\/National-Tree-Week-2026-272x182.jpg 272w\" sizes=\"(max-width: 600px) 100vw, 600px\" title=\"National Tree Week 2026\" alt=\"National Tree Week 2026\" \t\tclass=\"so-widget-image\"\/>\n\t<\/div>\n\n<\/div><\/div><\/div><\/div><div id=\"pg-12380-1\"  class=\"panel-grid panel-no-style\" ><div id=\"pgc-12380-1-0\"  class=\"panel-grid-cell\" ><div id=\"panel-12380-1-0-0\" class=\"so-panel widget widget_sow-editor panel-first-child panel-last-child\" data-index=\"1\" ><div\n\t\t\t\n\t\t\tclass=\"so-widget-sow-editor so-widget-sow-editor-base\"\n\t\t\t\n\t\t>\n<div class=\"siteorigin-widget-tinymce textwidget\">\n\t<p>An initiative of<a href=\"https:\/\/www.treecouncil.ie\/\"> the Tree Council of Ireland<\/a> and proudly supported by Coillte, with a calendar of free events scheduled across local communities to celebrate the importance and benefits of trees and local forests<\/p>\n<p>&nbsp;<\/p>\n<p>\u00b7 Running from Sunday 8th\u2013 Sunday 15th March, this year\u2019s National Tree Week theme is <strong>\u2018Growing a Greener Future Together\u2019<\/strong><\/p>\n<p>\u00b7 Coillte is proud to have donated over 1 million trees in support of National Tree Week since this partnership began, with 100,000 trees donated this year alone<\/p>\n<p>\u00b7 Winners of the annual Coillte Schools Photography Competition announced celebrating the passion young people have for trees in their local community<\/p>\n<p>\u00b7 To find out more about what\u2019s happening in your local area visit <a href=\"https:\/\/www.nationaltreeweek.ie\/\">www.nationaltreeweek.ie\u00a0<\/a><\/p>\n<\/div>\n<\/div><\/div><\/div><\/div><div id=\"pg-12380-2\"  class=\"panel-grid panel-no-style\" ><div id=\"pgc-12380-2-0\"  class=\"panel-grid-cell\" ><div id=\"panel-12380-2-0-0\" class=\"so-panel widget widget_sow-editor panel-first-child panel-last-child\" data-index=\"2\" ><div\n\t\t\t\n\t\t\tclass=\"so-widget-sow-editor so-widget-sow-editor-base\"\n\t\t\t\n\t\t>\n<div class=\"siteorigin-widget-tinymce textwidget\">\n\t<p>Uachtar\u00e1n na h\u00c9ireann, Catherine Connolly, took part in a ceremonial tree planting at Newbridge House and Farm, Co. Dublin, alongside Imelda Hurley, Chief Executive of Coillte; Cormac Downey, President of the Tree Council of Ireland; and former President of the Tree Council of Ireland, \u00c9anna N\u00ed Lamhna, to officially launch National Tree Week 2026.<\/p>\n<p>Running from Sunday 8<sup>th<\/sup>-Sunday 15<sup>th <\/sup>March, today marks the beginning of a week-long programme of nationwide tree-planting events and activities. Led by the Tree Council of Ireland celebrating its 40<sup>th<\/sup> anniversary this year, and proudly supported by Coillte, National Tree Week is Ireland\u2019s largest annual tree celebration, designed to inspire, educate and connect people of all ages with the importance and benefits of trees and forests.<\/p>\n<\/div>\n<\/div><\/div><\/div><div id=\"pgc-12380-2-1\"  class=\"panel-grid-cell\" ><div id=\"panel-12380-2-1-0\" class=\"so-panel widget widget_sow-image panel-first-child panel-last-child\" data-index=\"3\" ><div\n\t\t\t\n\t\t\tclass=\"so-widget-sow-image so-widget-sow-image-default-8b5b6f678277-12380\"\n\t\t\t\n\t\t>\n<div class=\"sow-image-container\">\n\t\t<img \n\tsrc=\"https:\/\/www.coillte.ie\/development\/wp-content\/uploads\/2026\/03\/President-Connolly-launches-National-Tree-Week-2-scaled.jpg\" width=\"2560\" height=\"1708\" srcset=\"https:\/\/www.coillte.ie\/development\/wp-content\/uploads\/2026\/03\/President-Connolly-launches-National-Tree-Week-2-scaled.jpg 2560w, https:\/\/www.coillte.ie\/development\/wp-content\/uploads\/2026\/03\/President-Connolly-launches-National-Tree-Week-2-300x200.jpg 300w, https:\/\/www.coillte.ie\/development\/wp-content\/uploads\/2026\/03\/President-Connolly-launches-National-Tree-Week-2-1024x683.jpg 1024w, https:\/\/www.coillte.ie\/development\/wp-content\/uploads\/2026\/03\/President-Connolly-launches-National-Tree-Week-2-768x512.jpg 768w, https:\/\/www.coillte.ie\/development\/wp-content\/uploads\/2026\/03\/President-Connolly-launches-National-Tree-Week-2-1536x1025.jpg 1536w, https:\/\/www.coillte.ie\/development\/wp-content\/uploads\/2026\/03\/President-Connolly-launches-National-Tree-Week-2-2048x1366.jpg 2048w, https:\/\/www.coillte.ie\/development\/wp-content\/uploads\/2026\/03\/President-Connolly-launches-National-Tree-Week-2-272x182.jpg 272w\" sizes=\"(max-width: 2560px) 100vw, 2560px\" title=\"President Connolly launches National Tree Week 2 scaled\" alt=\"President Connolly launches National Tree Week 2 scaled\" \t\tclass=\"so-widget-image\"\/>\n\t<\/div>\n\n<\/div><\/div><\/div><\/div><div id=\"pg-12380-3\"  class=\"panel-grid panel-no-style\" ><div id=\"pgc-12380-3-0\"  class=\"panel-grid-cell\" ><div id=\"panel-12380-3-0-0\" class=\"so-panel widget widget_sow-editor panel-first-child\" data-index=\"4\" ><div\n\t\t\t\n\t\t\tclass=\"so-widget-sow-editor so-widget-sow-editor-base\"\n\t\t\t\n\t\t>\n<div class=\"siteorigin-widget-tinymce textwidget\">\n\t<p>\u2018<em>Growing a Greener Future Together\u2019<\/em> is the theme of this year\u2019s National Tree Week, bringing communities across Ireland together to celebrate the many benefits trees and forests deliver for climate, nature, wood and people. With over 1 million trees donated since the beginning of the partnership<em>, <\/em>Coillte is once again providing 100,000 trees to schools and community groups across Ireland, supporting tree-planting initiatives that enhance local biodiversity and contribute to the growth of Ireland\u2019s forest network.<\/p>\n<p><strong>National Tree Week Events and Activities include: <\/strong><\/p>\n<ul>\n<li><strong>Local Forest Walks and Tree Planting Initiatives: <\/strong>A variety of free activities and guided walks led by community groups across Ireland, offering people the chance to explore nearby forests and take part in tree planting initiatives.<\/li>\n<li><strong>Irish Language Events: <\/strong>A selection of activities and guided tree trails delivered as Gaeilge, coinciding with Seachtain na Gaeilge and supporting greater access to nature through the Irish language.<\/li>\n<li><strong>Workshops and Talks from Industry Experts: <\/strong>A programme of workshops and talks from industry experts, covering topics from protecting Ireland\u2019s forests to the stories and heritage behind our native woodlands.<\/li>\n<\/ul>\n<blockquote>\n<p><strong>Speaking at the launch Uachtar\u00e1n na h\u00c9ireann, Catherine Connolly said:<\/strong> \u201c<em>Is m\u00f3r an on\u00f3ir dom Seachtain N\u00e1isi\u00fanta na gCrann a sheoladh i mbliana. National Tree Week is a wonderful celebration of the beauty, importance, and impact of trees in our daily lives. I commend the Tree Council of Ireland, Coillte, and all the community groups hosting local events nationwide, which lift spirits and bring people together. This week reminds us to enjoy and celebrate our trees, forests, woodlands, and the communities that nurture them, and to reflect on the important role nature plays in our shared future.\u201d<\/em><\/p>\n<\/blockquote>\n<p>&nbsp;<\/p>\n<blockquote>\n<p><strong>Imelda Hurley, CEO of Coillte,<em> went on to say: <\/em><\/strong><em>\u201c<\/em><em>We are honoured to launch National Tree Week alongside Uachtar\u00e1n na h\u00c9ireann, Catherine Connolly, celebrating the many ways trees and forests deliver for climate, nature, wood, and people. This year, Coillte is donating 100,000 trees to the Tree Council of Ireland to support community planting initiatives nationwide, with over 1 million trees donated since the beginning of our partnership. National Tree Week not only raises awareness of the importance of trees, but it also brings communities together in celebration, and we are proud to continue supporting that mission this year.\u201d<\/em><\/p>\n<\/blockquote>\n<p>&nbsp;<\/p>\n<blockquote>\n<p><strong>Commenting on this year\u2019s theme, Cormac Downey, President of the Tree Council of Ireland, said<em>: <\/em><\/strong><\/p>\n<p><em>\u201cThis year marks the Tree Council\u2019s 40<sup>th<\/sup> anniversary, and it was a tremendous honour to welcome <\/em><em>Uachtar\u00e1n na h\u00c9ireann, Catherine Connolly to help us mark the occasion with the planting of 40 timeless oak trees as a powerful symbol of strength and the legacy we hope to leave for future generations. <\/em><\/p>\n<p><em>\u201c<\/em><em>This year\u2019s theme, \u2018Growing a Greener Future Together,\u2019 highlights how every tree planted strengthens our forests and brings communities closer to nature. From schools to local groups, National Tree Week is about coming together, connecting with the outdoors, and leaving a lasting legacy for our forests. I encourage everyone across the country to join in and celebrate in their communities this week.\u201d<\/em><\/p>\n<\/blockquote>\n<\/div>\n<\/div><\/div><div id=\"panel-12380-3-0-1\" class=\"so-panel widget widget_sow-slider panel-last-child\" data-index=\"5\" ><div\n\t\t\t\n\t\t\tclass=\"so-widget-sow-slider so-widget-sow-slider-default-b5ec2758aaef-12380\"\n\t\t\t\n\t\t>\t\t\t\t<div class=\"sow-slider-base\" style=\"display: none\" tabindex=\"0\">\n\t\t\t\t\t<ul\n\t\t\t\t\tclass=\"sow-slider-images\"\n\t\t\t\t\tdata-settings=\"{&quot;pagination&quot;:true,&quot;speed&quot;:400,&quot;timeout&quot;:8000,&quot;paused&quot;:false,&quot;pause_on_hover&quot;:false,&quot;swipe&quot;:true,&quot;nav_always_show_desktop&quot;:true,&quot;nav_always_show_mobile&quot;:true,&quot;breakpoint&quot;:&quot;780px&quot;,&quot;unmute&quot;:false,&quot;anchor&quot;:null}\"\n\t\t\t\t\t\t\t\t\t\tdata-anchor-id=\"\"\n\t\t\t\t>\t\t<li class=\"sow-slider-image\" style=\"visibility: visible;\" >\n\t\t\t\t\t\t<img loading=\"lazy\" decoding=\"async\" width=\"1789\" height=\"2560\" src=\"https:\/\/www.coillte.ie\/development\/wp-content\/uploads\/2026\/03\/President-Connolly-launches-National-Tree-Week-4-scaled.jpg\" class=\"sow-slider-background-image\" alt=\"President Connolly launches National Tree Week 4 scaled\" style=\"height: 500px; width: auto; margin: 0 auto;\" srcset=\"https:\/\/www.coillte.ie\/development\/wp-content\/uploads\/2026\/03\/President-Connolly-launches-National-Tree-Week-4-scaled.jpg 1789w, https:\/\/www.coillte.ie\/development\/wp-content\/uploads\/2026\/03\/President-Connolly-launches-National-Tree-Week-4-210x300.jpg 210w, https:\/\/www.coillte.ie\/development\/wp-content\/uploads\/2026\/03\/President-Connolly-launches-National-Tree-Week-4-716x1024.jpg 716w, https:\/\/www.coillte.ie\/development\/wp-content\/uploads\/2026\/03\/President-Connolly-launches-National-Tree-Week-4-768x1099.jpg 768w, https:\/\/www.coillte.ie\/development\/wp-content\/uploads\/2026\/03\/President-Connolly-launches-National-Tree-Week-4-1073x1536.jpg 1073w, https:\/\/www.coillte.ie\/development\/wp-content\/uploads\/2026\/03\/President-Connolly-launches-National-Tree-Week-4-1431x2048.jpg 1431w\" sizes=\"auto, (max-width: 1789px) 100vw, 1789px\" \/>\t\t<\/li>\n\t\t\t\t<li class=\"sow-slider-image\" style=\"visibility: hidden;\" >\n\t\t\t\t\t\t<img loading=\"lazy\" decoding=\"async\" width=\"2560\" height=\"1708\" src=\"https:\/\/www.coillte.ie\/development\/wp-content\/uploads\/2026\/03\/President-Connolly-launches-National-Tree-Week-1-scaled.jpg\" class=\"sow-slider-background-image\" alt=\"President Connolly launches National Tree Week 1 scaled\" style=\"height: 500px; width: auto; margin: 0 auto;\" srcset=\"https:\/\/www.coillte.ie\/development\/wp-content\/uploads\/2026\/03\/President-Connolly-launches-National-Tree-Week-1-scaled.jpg 2560w, https:\/\/www.coillte.ie\/development\/wp-content\/uploads\/2026\/03\/President-Connolly-launches-National-Tree-Week-1-300x200.jpg 300w, https:\/\/www.coillte.ie\/development\/wp-content\/uploads\/2026\/03\/President-Connolly-launches-National-Tree-Week-1-1024x683.jpg 1024w, https:\/\/www.coillte.ie\/development\/wp-content\/uploads\/2026\/03\/President-Connolly-launches-National-Tree-Week-1-768x512.jpg 768w, https:\/\/www.coillte.ie\/development\/wp-content\/uploads\/2026\/03\/President-Connolly-launches-National-Tree-Week-1-1536x1025.jpg 1536w, https:\/\/www.coillte.ie\/development\/wp-content\/uploads\/2026\/03\/President-Connolly-launches-National-Tree-Week-1-2048x1366.jpg 2048w, https:\/\/www.coillte.ie\/development\/wp-content\/uploads\/2026\/03\/President-Connolly-launches-National-Tree-Week-1-272x182.jpg 272w\" sizes=\"auto, (max-width: 2560px) 100vw, 2560px\" \/>\t\t<\/li>\n\t\t\t\t<li class=\"sow-slider-image\" style=\"visibility: hidden;\" >\n\t\t\t\t\t\t<img loading=\"lazy\" decoding=\"async\" width=\"2560\" height=\"2043\" src=\"https:\/\/www.coillte.ie\/development\/wp-content\/uploads\/2026\/03\/President-Connolly-launches-National-Tree-Week-3-scaled.jpg\" class=\"sow-slider-background-image\" alt=\"President Connolly launches National Tree Week 3 scaled\" style=\"height: 500px; width: auto; margin: 0 auto;\" srcset=\"https:\/\/www.coillte.ie\/development\/wp-content\/uploads\/2026\/03\/President-Connolly-launches-National-Tree-Week-3-scaled.jpg 2560w, https:\/\/www.coillte.ie\/development\/wp-content\/uploads\/2026\/03\/President-Connolly-launches-National-Tree-Week-3-300x239.jpg 300w, https:\/\/www.coillte.ie\/development\/wp-content\/uploads\/2026\/03\/President-Connolly-launches-National-Tree-Week-3-1024x817.jpg 1024w, https:\/\/www.coillte.ie\/development\/wp-content\/uploads\/2026\/03\/President-Connolly-launches-National-Tree-Week-3-768x613.jpg 768w, https:\/\/www.coillte.ie\/development\/wp-content\/uploads\/2026\/03\/President-Connolly-launches-National-Tree-Week-3-1536x1226.jpg 1536w, https:\/\/www.coillte.ie\/development\/wp-content\/uploads\/2026\/03\/President-Connolly-launches-National-Tree-Week-3-2048x1635.jpg 2048w\" sizes=\"auto, (max-width: 2560px) 100vw, 2560px\" \/>\t\t<\/li>\n\t\t<\/ul>\t\t\t\t<ol class=\"sow-slider-pagination\">\n\t\t\t\t\t\t\t\t\t\t\t<li><a href=\"#\" data-goto=\"0\" aria-label=\"Display slide 1\"><\/a><\/li>\n\t\t\t\t\t\t\t\t\t\t\t<li><a href=\"#\" data-goto=\"1\" aria-label=\"Display slide 2\"><\/a><\/li>\n\t\t\t\t\t\t\t\t\t\t\t<li><a href=\"#\" data-goto=\"2\" aria-label=\"Display slide 3\"><\/a><\/li>\n\t\t\t\t\t\t\t\t\t<\/ol>\n\n\t\t\t\t<div class=\"sow-slide-nav sow-slide-nav-next\">\n\t\t\t\t\t<a href=\"#\" data-goto=\"next\" aria-label=\"Next slide\" data-action=\"next\">\n\t\t\t\t\t\t<em class=\"sow-sld-icon-medium-right\"><\/em>\n\t\t\t\t\t<\/a>\n\t\t\t\t<\/div>\n\n\t\t\t\t<div class=\"sow-slide-nav sow-slide-nav-prev\">\n\t\t\t\t\t<a href=\"#\" data-goto=\"previous\" aria-label=\"Previous slide\" data-action=\"prev\">\n\t\t\t\t\t\t<em class=\"sow-sld-icon-medium-left\"><\/em>\n\t\t\t\t\t<\/a>\n\t\t\t\t<\/div>\n\t\t\t\t<\/div><\/div><\/div><\/div><\/div><div id=\"pg-12380-4\"  class=\"panel-grid panel-no-style\" ><div id=\"pgc-12380-4-0\"  class=\"panel-grid-cell\" ><div id=\"panel-12380-4-0-0\" class=\"so-panel widget widget_sow-editor panel-first-child\" data-index=\"6\" ><div\n\t\t\t\n\t\t\tclass=\"so-widget-sow-editor so-widget-sow-editor-base\"\n\t\t\t\n\t\t>\n<div class=\"siteorigin-widget-tinymce textwidget\">\n\t<p>In advance of National Tree Week 2026, Coillte launched its third annual Schools Photography Competition, inviting primary schools to submit a photo of their favourite tree or outdoor nature space. The competition encouraged students to connect with nature and reflect on the importance of trees, inspiring classes across the country to get creative while celebrating their local trees and forests.<\/p>\n<p>The winning classes will enjoy a trip to Beyond the Trees Avondale, featuring the spectacular Treetop Walk and Viewing Tower at Coillte\u2019s Avondale Forest Park in Rathdrum, Co. Wicklow. This year\u2019s competition winners are:<\/p>\n<ol>\n<li>Melview National School, Co. Longford<\/li>\n<li>Scoil Mhuire B&amp;C Stranorlar, Co. Donegal<\/li>\n<li>Carrowholly National School, Co. Mayo<\/li>\n<li>Kilcash National School, Co. Tipperary<\/li>\n<\/ol>\n<p>Community groups planning events in their local area can register their event with the Tree Council at <a href=\"http:\/\/www.nationaltreeweek.ie\">www.nationaltreeweek.ie<\/a>.\u00a0To find out more about what\u2019s happening in your local area visit <a href=\"http:\/\/www.nationaltreeweek.ie\">www.nationaltreeweek.ie<\/a><\/p>\n<\/div>\n<\/div><\/div><div id=\"panel-12380-4-0-1\" class=\"so-panel widget widget_sow-slider panel-last-child\" data-index=\"7\" ><div\n\t\t\t\n\t\t\tclass=\"so-widget-sow-slider so-widget-sow-slider-default-b5ec2758aaef-12380\"\n\t\t\t\n\t\t>\t\t\t\t<div class=\"sow-slider-base\" style=\"display: none\" tabindex=\"0\">\n\t\t\t\t\t<ul\n\t\t\t\t\tclass=\"sow-slider-images\"\n\t\t\t\t\tdata-settings=\"{&quot;pagination&quot;:true,&quot;speed&quot;:400,&quot;timeout&quot;:8000,&quot;paused&quot;:false,&quot;pause_on_hover&quot;:false,&quot;swipe&quot;:true,&quot;nav_always_show_desktop&quot;:true,&quot;nav_always_show_mobile&quot;:true,&quot;breakpoint&quot;:&quot;780px&quot;,&quot;unmute&quot;:false,&quot;anchor&quot;:null}\"\n\t\t\t\t\t\t\t\t\t\tdata-anchor-id=\"\"\n\t\t\t\t>\t\t<li class=\"sow-slider-image\" style=\"visibility: visible;\" >\n\t\t\t\t\t\t<img loading=\"lazy\" decoding=\"async\" width=\"542\" height=\"720\" src=\"https:\/\/www.coillte.ie\/development\/wp-content\/uploads\/2026\/03\/Picture4.png\" class=\"sow-slider-background-image\" alt=\"Picture4\" style=\"height: 500px; width: auto; margin: 0 auto;\" srcset=\"https:\/\/www.coillte.ie\/development\/wp-content\/uploads\/2026\/03\/Picture4.png 542w, https:\/\/www.coillte.ie\/development\/wp-content\/uploads\/2026\/03\/Picture4-226x300.png 226w\" sizes=\"auto, (max-width: 542px) 100vw, 542px\" \/>\t\t<\/li>\n\t\t\t\t<li class=\"sow-slider-image\" style=\"visibility: hidden;\" >\n\t\t\t\t\t\t<img loading=\"lazy\" decoding=\"async\" width=\"513\" height=\"385\" src=\"https:\/\/www.coillte.ie\/development\/wp-content\/uploads\/2026\/03\/Picture1.jpg\" class=\"sow-slider-background-image\" alt=\"Picture1\" style=\"height: 500px; width: auto; margin: 0 auto;\" srcset=\"https:\/\/www.coillte.ie\/development\/wp-content\/uploads\/2026\/03\/Picture1.jpg 513w, https:\/\/www.coillte.ie\/development\/wp-content\/uploads\/2026\/03\/Picture1-300x225.jpg 300w\" sizes=\"auto, (max-width: 513px) 100vw, 513px\" \/>\t\t<\/li>\n\t\t\t\t<li class=\"sow-slider-image\" style=\"visibility: hidden;\" >\n\t\t\t\t\t\t<img loading=\"lazy\" decoding=\"async\" width=\"1857\" height=\"2475\" src=\"https:\/\/www.coillte.ie\/development\/wp-content\/uploads\/2026\/03\/Picture2.jpg\" class=\"sow-slider-background-image\" alt=\"Picture2\" style=\"height: 500px; width: auto; margin: 0 auto;\" srcset=\"https:\/\/www.coillte.ie\/development\/wp-content\/uploads\/2026\/03\/Picture2.jpg 1857w, https:\/\/www.coillte.ie\/development\/wp-content\/uploads\/2026\/03\/Picture2-225x300.jpg 225w, https:\/\/www.coillte.ie\/development\/wp-content\/uploads\/2026\/03\/Picture2-768x1024.jpg 768w, https:\/\/www.coillte.ie\/development\/wp-content\/uploads\/2026\/03\/Picture2-1152x1536.jpg 1152w, https:\/\/www.coillte.ie\/development\/wp-content\/uploads\/2026\/03\/Picture2-1537x2048.jpg 1537w\" sizes=\"auto, (max-width: 1857px) 100vw, 1857px\" \/>\t\t<\/li>\n\t\t\t\t<li class=\"sow-slider-image\" style=\"visibility: hidden;\" >\n\t\t\t\t\t\t<img loading=\"lazy\" decoding=\"async\" width=\"2347\" height=\"1564\" src=\"https:\/\/www.coillte.ie\/development\/wp-content\/uploads\/2026\/03\/Picture3.jpg\" class=\"sow-slider-background-image\" alt=\"Picture3\" style=\"height: 500px; width: auto; margin: 0 auto;\" srcset=\"https:\/\/www.coillte.ie\/development\/wp-content\/uploads\/2026\/03\/Picture3.jpg 2347w, https:\/\/www.coillte.ie\/development\/wp-content\/uploads\/2026\/03\/Picture3-300x200.jpg 300w, https:\/\/www.coillte.ie\/development\/wp-content\/uploads\/2026\/03\/Picture3-1024x682.jpg 1024w, https:\/\/www.coillte.ie\/development\/wp-content\/uploads\/2026\/03\/Picture3-768x512.jpg 768w, https:\/\/www.coillte.ie\/development\/wp-content\/uploads\/2026\/03\/Picture3-1536x1024.jpg 1536w, https:\/\/www.coillte.ie\/development\/wp-content\/uploads\/2026\/03\/Picture3-2048x1365.jpg 2048w, https:\/\/www.coillte.ie\/development\/wp-content\/uploads\/2026\/03\/Picture3-272x182.jpg 272w\" sizes=\"auto, (max-width: 2347px) 100vw, 2347px\" \/>\t\t<\/li>\n\t\t<\/ul>\t\t\t\t<ol class=\"sow-slider-pagination\">\n\t\t\t\t\t\t\t\t\t\t\t<li><a href=\"#\" data-goto=\"0\" aria-label=\"Display slide 1\"><\/a><\/li>\n\t\t\t\t\t\t\t\t\t\t\t<li><a href=\"#\" data-goto=\"1\" aria-label=\"Display slide 2\"><\/a><\/li>\n\t\t\t\t\t\t\t\t\t\t\t<li><a href=\"#\" data-goto=\"2\" aria-label=\"Display slide 3\"><\/a><\/li>\n\t\t\t\t\t\t\t\t\t\t\t<li><a href=\"#\" data-goto=\"3\" aria-label=\"Display slide 4\"><\/a><\/li>\n\t\t\t\t\t\t\t\t\t<\/ol>\n\n\t\t\t\t<div class=\"sow-slide-nav sow-slide-nav-next\">\n\t\t\t\t\t<a href=\"#\" data-goto=\"next\" aria-label=\"Next slide\" data-action=\"next\">\n\t\t\t\t\t\t<em class=\"sow-sld-icon-medium-right\"><\/em>\n\t\t\t\t\t<\/a>\n\t\t\t\t<\/div>\n\n\t\t\t\t<div class=\"sow-slide-nav sow-slide-nav-prev\">\n\t\t\t\t\t<a href=\"#\" data-goto=\"previous\" aria-label=\"Previous slide\" data-action=\"prev\">\n\t\t\t\t\t\t<em class=\"sow-sld-icon-medium-left\"><\/em>\n\t\t\t\t\t<\/a>\n\t\t\t\t<\/div>\n\t\t\t\t<\/div><\/div><\/div><\/div><\/div><\/div>","protected":false},"excerpt":{"rendered":"<p>An initiative of the Tree Council of Ireland and proudly supported by Coillte, with a calendar of free events scheduled across local communities to celebrate the importance and benefits of trees and local forests &nbsp; \u00b7 Running from Sunday 8th\u2013 Sunday 15th March, this year\u2019s National Tree Week theme is \u2018Growing a Greener Future Together\u2019 &#038;hellip<\/p>\n","protected":false},"author":48,"featured_media":12381,"comment_status":"closed","ping_status":"closed","sticky":false,"template":"","format":"standard","meta":{"_acf_changed":false,"inline_featured_image":false,"footnotes":""},"categories":[1],"class_list":["post-12380","post","type-post","status-publish","format-standard","has-post-thumbnail","hentry","category-latest-news","tag-latest-news","tag-news"],"acf":[],"yoast_head":"<!-- This site is optimized with the Yoast SEO plugin v28.3 - https:\/\/yoast.com\/product\/yoast-seo-wordpress\/ -->\n<title>Uachtar\u00e1n na h\u00c9ireann, Catherine Connolly, Launches National Tree Week 2026 with Ceremonial Tree Planting - Coillte<\/title>\n<meta name=\"robots\" content=\"noindex, follow, max-snippet:-1, max-image-preview:large, max-video-preview:-1\" \/>\n<meta property=\"og:locale\" content=\"en_US\" \/>\n<meta property=\"og:type\" content=\"article\" \/>\n<meta property=\"og:title\" content=\"Uachtar\u00e1n na h\u00c9ireann, Catherine Connolly, Launches National Tree Week 2026 with Ceremonial Tree Planting - Coillte\" \/>\n<meta property=\"og:description\" content=\"An initiative of the Tree Council of Ireland and proudly supported by Coillte, with a calendar of free events scheduled across local communities to celebrate the importance and benefits of trees and local forests &nbsp; \u00b7 Running from Sunday 8th\u2013 Sunday 15th March, this year\u2019s National Tree Week theme is \u2018Growing a Greener Future Together\u2019 &amp;hellip\" \/>\n<meta property=\"og:url\" content=\"https:\/\/www.coillte.ie\/development\/uachtaran-na-heireann-catherine-connolly-launches-national-tree-week-2026-with-ceremonial-tree-planting\/\" \/>\n<meta property=\"og:site_name\" content=\"Coillte\" \/>\n<meta property=\"article:published_time\" content=\"2026-03-10T12:18:01+00:00\" \/>\n<meta property=\"article:modified_time\" content=\"2026-03-10T15:49:48+00:00\" \/>\n<meta property=\"og:image\" content=\"https:\/\/www.coillte.ie\/development\/wp-content\/uploads\/2026\/03\/National-Tree-Week-2026.jpg\" \/>\n\t<meta property=\"og:image:width\" content=\"600\" \/>\n\t<meta property=\"og:image:height\" content=\"400\" \/>\n\t<meta property=\"og:image:type\" content=\"image\/jpeg\" \/>\n<meta name=\"author\" content=\"Kate Cregan\" \/>\n<meta name=\"twitter:card\" content=\"summary_large_image\" \/>\n<meta name=\"twitter:label1\" content=\"Written by\" \/>\n\t<meta name=\"twitter:data1\" content=\"Kate Cregan\" \/>\n\t<meta name=\"twitter:label2\" content=\"Est. reading time\" \/>\n\t<meta name=\"twitter:data2\" content=\"5 minutes\" \/>\n<script type=\"application\/ld+json\" class=\"yoast-schema-graph\">{\"@context\":\"https:\\\/\\\/schema.org\",\"@graph\":[{\"@type\":\"Article\",\"@id\":\"https:\\\/\\\/www.coillte.ie\\\/development\\\/uachtaran-na-heireann-catherine-connolly-launches-national-tree-week-2026-with-ceremonial-tree-planting\\\/#article\",\"isPartOf\":{\"@id\":\"https:\\\/\\\/www.coillte.ie\\\/development\\\/uachtaran-na-heireann-catherine-connolly-launches-national-tree-week-2026-with-ceremonial-tree-planting\\\/\"},\"author\":{\"name\":\"Kate Cregan\",\"@id\":\"https:\\\/\\\/www.coillte.ie\\\/development\\\/#\\\/schema\\\/person\\\/eaadf76f1f8ff19200d053adda9ea5c0\"},\"headline\":\"Uachtar\u00e1n na h\u00c9ireann, Catherine Connolly, Launches National Tree Week 2026 with Ceremonial Tree Planting\",\"datePublished\":\"2026-03-10T12:18:01+00:00\",\"dateModified\":\"2026-03-10T15:49:48+00:00\",\"mainEntityOfPage\":{\"@id\":\"https:\\\/\\\/www.coillte.ie\\\/development\\\/uachtaran-na-heireann-catherine-connolly-launches-national-tree-week-2026-with-ceremonial-tree-planting\\\/\"},\"wordCount\":959,\"publisher\":{\"@id\":\"https:\\\/\\\/www.coillte.ie\\\/development\\\/#organization\"},\"image\":{\"@id\":\"https:\\\/\\\/www.coillte.ie\\\/development\\\/uachtaran-na-heireann-catherine-connolly-launches-national-tree-week-2026-with-ceremonial-tree-planting\\\/#primaryimage\"},\"thumbnailUrl\":\"https:\\\/\\\/www.coillte.ie\\\/development\\\/wp-content\\\/uploads\\\/2026\\\/03\\\/National-Tree-Week-2026.jpg\",\"keywords\":[\"latest news\",\"News\"],\"articleSection\":[\"Latest News\"],\"inLanguage\":\"en-US\"},{\"@type\":\"WebPage\",\"@id\":\"https:\\\/\\\/www.coillte.ie\\\/development\\\/uachtaran-na-heireann-catherine-connolly-launches-national-tree-week-2026-with-ceremonial-tree-planting\\\/\",\"url\":\"https:\\\/\\\/www.coillte.ie\\\/development\\\/uachtaran-na-heireann-catherine-connolly-launches-national-tree-week-2026-with-ceremonial-tree-planting\\\/\",\"name\":\"Uachtar\u00e1n na h\u00c9ireann, Catherine Connolly, Launches National Tree Week 2026 with Ceremonial Tree Planting - Coillte\",\"isPartOf\":{\"@id\":\"https:\\\/\\\/www.coillte.ie\\\/development\\\/#website\"},\"primaryImageOfPage\":{\"@id\":\"https:\\\/\\\/www.coillte.ie\\\/development\\\/uachtaran-na-heireann-catherine-connolly-launches-national-tree-week-2026-with-ceremonial-tree-planting\\\/#primaryimage\"},\"image\":{\"@id\":\"https:\\\/\\\/www.coillte.ie\\\/development\\\/uachtaran-na-heireann-catherine-connolly-launches-national-tree-week-2026-with-ceremonial-tree-planting\\\/#primaryimage\"},\"thumbnailUrl\":\"https:\\\/\\\/www.coillte.ie\\\/development\\\/wp-content\\\/uploads\\\/2026\\\/03\\\/National-Tree-Week-2026.jpg\",\"datePublished\":\"2026-03-10T12:18:01+00:00\",\"dateModified\":\"2026-03-10T15:49:48+00:00\",\"breadcrumb\":{\"@id\":\"https:\\\/\\\/www.coillte.ie\\\/development\\\/uachtaran-na-heireann-catherine-connolly-launches-national-tree-week-2026-with-ceremonial-tree-planting\\\/#breadcrumb\"},\"inLanguage\":\"en-US\",\"potentialAction\":[{\"@type\":\"ReadAction\",\"target\":[\"https:\\\/\\\/www.coillte.ie\\\/development\\\/uachtaran-na-heireann-catherine-connolly-launches-national-tree-week-2026-with-ceremonial-tree-planting\\\/\"]}]},{\"@type\":\"ImageObject\",\"inLanguage\":\"en-US\",\"@id\":\"https:\\\/\\\/www.coillte.ie\\\/development\\\/uachtaran-na-heireann-catherine-connolly-launches-national-tree-week-2026-with-ceremonial-tree-planting\\\/#primaryimage\",\"url\":\"https:\\\/\\\/www.coillte.ie\\\/development\\\/wp-content\\\/uploads\\\/2026\\\/03\\\/National-Tree-Week-2026.jpg\",\"contentUrl\":\"https:\\\/\\\/www.coillte.ie\\\/development\\\/wp-content\\\/uploads\\\/2026\\\/03\\\/National-Tree-Week-2026.jpg\",\"width\":600,\"height\":400,\"caption\":\"National Tree Week 2026\"},{\"@type\":\"BreadcrumbList\",\"@id\":\"https:\\\/\\\/www.coillte.ie\\\/development\\\/uachtaran-na-heireann-catherine-connolly-launches-national-tree-week-2026-with-ceremonial-tree-planting\\\/#breadcrumb\",\"itemListElement\":[{\"@type\":\"ListItem\",\"position\":1,\"name\":\"Home\",\"item\":\"https:\\\/\\\/www.coillte.ie\\\/development\\\/\"},{\"@type\":\"ListItem\",\"position\":2,\"name\":\"Uachtar\u00e1n na h\u00c9ireann, Catherine Connolly, Launches National Tree Week 2026 with Ceremonial Tree Planting\"}]},{\"@type\":\"WebSite\",\"@id\":\"https:\\\/\\\/www.coillte.ie\\\/development\\\/#website\",\"url\":\"https:\\\/\\\/www.coillte.ie\\\/development\\\/\",\"name\":\"Coillte\",\"description\":\"\",\"publisher\":{\"@id\":\"https:\\\/\\\/www.coillte.ie\\\/development\\\/#organization\"},\"potentialAction\":[{\"@type\":\"SearchAction\",\"target\":{\"@type\":\"EntryPoint\",\"urlTemplate\":\"https:\\\/\\\/www.coillte.ie\\\/development\\\/?s={search_term_string}\"},\"query-input\":{\"@type\":\"PropertyValueSpecification\",\"valueRequired\":true,\"valueName\":\"search_term_string\"}}],\"inLanguage\":\"en-US\"},{\"@type\":\"Organization\",\"@id\":\"https:\\\/\\\/www.coillte.ie\\\/development\\\/#organization\",\"name\":\"Coillte\",\"url\":\"https:\\\/\\\/www.coillte.ie\\\/development\\\/\",\"logo\":{\"@type\":\"ImageObject\",\"inLanguage\":\"en-US\",\"@id\":\"https:\\\/\\\/www.coillte.ie\\\/development\\\/#\\\/schema\\\/logo\\\/image\\\/\",\"url\":\"https:\\\/\\\/www.coillte.ie\\\/development\\\/wp-content\\\/uploads\\\/2021\\\/11\\\/coillte_logo-v4_1-1.svg\",\"contentUrl\":\"https:\\\/\\\/www.coillte.ie\\\/development\\\/wp-content\\\/uploads\\\/2021\\\/11\\\/coillte_logo-v4_1-1.svg\",\"width\":151,\"height\":27,\"caption\":\"Coillte\"},\"image\":{\"@id\":\"https:\\\/\\\/www.coillte.ie\\\/development\\\/#\\\/schema\\\/logo\\\/image\\\/\"}},{\"@type\":\"Person\",\"@id\":\"https:\\\/\\\/www.coillte.ie\\\/development\\\/#\\\/schema\\\/person\\\/eaadf76f1f8ff19200d053adda9ea5c0\",\"name\":\"Kate Cregan\",\"image\":{\"@type\":\"ImageObject\",\"inLanguage\":\"en-US\",\"@id\":\"https:\\\/\\\/secure.gravatar.com\\\/avatar\\\/ef4d10659feeea1eabac9eecbeae08eb0cfb0271ff32bfc718a30963ae45b054?s=96&d=mm&r=g\",\"url\":\"https:\\\/\\\/secure.gravatar.com\\\/avatar\\\/ef4d10659feeea1eabac9eecbeae08eb0cfb0271ff32bfc718a30963ae45b054?s=96&d=mm&r=g\",\"contentUrl\":\"https:\\\/\\\/secure.gravatar.com\\\/avatar\\\/ef4d10659feeea1eabac9eecbeae08eb0cfb0271ff32bfc718a30963ae45b054?s=96&d=mm&r=g\",\"caption\":\"Kate Cregan\"}}]}<\/script>\n<!-- \/ Yoast SEO plugin. -->","yoast_head_json":{"title":"Uachtar\u00e1n na h\u00c9ireann, Catherine Connolly, Launches National Tree Week 2026 with Ceremonial Tree Planting - Coillte","robots":{"index":"noindex","follow":"follow","max-snippet":"max-snippet:-1","max-image-preview":"max-image-preview:large","max-video-preview":"max-video-preview:-1"},"og_locale":"en_US","og_type":"article","og_title":"Uachtar\u00e1n na h\u00c9ireann, Catherine Connolly, Launches National Tree Week 2026 with Ceremonial Tree Planting - Coillte","og_description":"An initiative of the Tree Council of Ireland and proudly supported by Coillte, with a calendar of free events scheduled across local communities to celebrate the importance and benefits of trees and local forests &nbsp; \u00b7 Running from Sunday 8th\u2013 Sunday 15th March, this year\u2019s National Tree Week theme is \u2018Growing a Greener Future Together\u2019 &hellip","og_url":"https:\/\/www.coillte.ie\/development\/uachtaran-na-heireann-catherine-connolly-launches-national-tree-week-2026-with-ceremonial-tree-planting\/","og_site_name":"Coillte","article_published_time":"2026-03-10T12:18:01+00:00","article_modified_time":"2026-03-10T15:49:48+00:00","og_image":[{"width":600,"height":400,"url":"https:\/\/www.coillte.ie\/development\/wp-content\/uploads\/2026\/03\/National-Tree-Week-2026.jpg","type":"image\/jpeg"}],"author":"Kate Cregan","twitter_card":"summary_large_image","twitter_misc":{"Written by":"Kate Cregan","Est. reading time":"5 minutes"},"schema":{"@context":"https:\/\/schema.org","@graph":[{"@type":"Article","@id":"https:\/\/www.coillte.ie\/development\/uachtaran-na-heireann-catherine-connolly-launches-national-tree-week-2026-with-ceremonial-tree-planting\/#article","isPartOf":{"@id":"https:\/\/www.coillte.ie\/development\/uachtaran-na-heireann-catherine-connolly-launches-national-tree-week-2026-with-ceremonial-tree-planting\/"},"author":{"name":"Kate Cregan","@id":"https:\/\/www.coillte.ie\/development\/#\/schema\/person\/eaadf76f1f8ff19200d053adda9ea5c0"},"headline":"Uachtar\u00e1n na h\u00c9ireann, Catherine Connolly, Launches National Tree Week 2026 with Ceremonial Tree Planting","datePublished":"2026-03-10T12:18:01+00:00","dateModified":"2026-03-10T15:49:48+00:00","mainEntityOfPage":{"@id":"https:\/\/www.coillte.ie\/development\/uachtaran-na-heireann-catherine-connolly-launches-national-tree-week-2026-with-ceremonial-tree-planting\/"},"wordCount":959,"publisher":{"@id":"https:\/\/www.coillte.ie\/development\/#organization"},"image":{"@id":"https:\/\/www.coillte.ie\/development\/uachtaran-na-heireann-catherine-connolly-launches-national-tree-week-2026-with-ceremonial-tree-planting\/#primaryimage"},"thumbnailUrl":"https:\/\/www.coillte.ie\/development\/wp-content\/uploads\/2026\/03\/National-Tree-Week-2026.jpg","keywords":["latest news","News"],"articleSection":["Latest News"],"inLanguage":"en-US"},{"@type":"WebPage","@id":"https:\/\/www.coillte.ie\/development\/uachtaran-na-heireann-catherine-connolly-launches-national-tree-week-2026-with-ceremonial-tree-planting\/","url":"https:\/\/www.coillte.ie\/development\/uachtaran-na-heireann-catherine-connolly-launches-national-tree-week-2026-with-ceremonial-tree-planting\/","name":"Uachtar\u00e1n na h\u00c9ireann, Catherine Connolly, Launches National Tree Week 2026 with Ceremonial Tree Planting - Coillte","isPartOf":{"@id":"https:\/\/www.coillte.ie\/development\/#website"},"primaryImageOfPage":{"@id":"https:\/\/www.coillte.ie\/development\/uachtaran-na-heireann-catherine-connolly-launches-national-tree-week-2026-with-ceremonial-tree-planting\/#primaryimage"},"image":{"@id":"https:\/\/www.coillte.ie\/development\/uachtaran-na-heireann-catherine-connolly-launches-national-tree-week-2026-with-ceremonial-tree-planting\/#primaryimage"},"thumbnailUrl":"https:\/\/www.coillte.ie\/development\/wp-content\/uploads\/2026\/03\/National-Tree-Week-2026.jpg","datePublished":"2026-03-10T12:18:01+00:00","dateModified":"2026-03-10T15:49:48+00:00","breadcrumb":{"@id":"https:\/\/www.coillte.ie\/development\/uachtaran-na-heireann-catherine-connolly-launches-national-tree-week-2026-with-ceremonial-tree-planting\/#breadcrumb"},"inLanguage":"en-US","potentialAction":[{"@type":"ReadAction","target":["https:\/\/www.coillte.ie\/development\/uachtaran-na-heireann-catherine-connolly-launches-national-tree-week-2026-with-ceremonial-tree-planting\/"]}]},{"@type":"ImageObject","inLanguage":"en-US","@id":"https:\/\/www.coillte.ie\/development\/uachtaran-na-heireann-catherine-connolly-launches-national-tree-week-2026-with-ceremonial-tree-planting\/#primaryimage","url":"https:\/\/www.coillte.ie\/development\/wp-content\/uploads\/2026\/03\/National-Tree-Week-2026.jpg","contentUrl":"https:\/\/www.coillte.ie\/development\/wp-content\/uploads\/2026\/03\/National-Tree-Week-2026.jpg","width":600,"height":400,"caption":"National Tree Week 2026"},{"@type":"BreadcrumbList","@id":"https:\/\/www.coillte.ie\/development\/uachtaran-na-heireann-catherine-connolly-launches-national-tree-week-2026-with-ceremonial-tree-planting\/#breadcrumb","itemListElement":[{"@type":"ListItem","position":1,"name":"Home","item":"https:\/\/www.coillte.ie\/development\/"},{"@type":"ListItem","position":2,"name":"Uachtar\u00e1n na h\u00c9ireann, Catherine Connolly, Launches National Tree Week 2026 with Ceremonial Tree Planting"}]},{"@type":"WebSite","@id":"https:\/\/www.coillte.ie\/development\/#website","url":"https:\/\/www.coillte.ie\/development\/","name":"Coillte","description":"","publisher":{"@id":"https:\/\/www.coillte.ie\/development\/#organization"},"potentialAction":[{"@type":"SearchAction","target":{"@type":"EntryPoint","urlTemplate":"https:\/\/www.coillte.ie\/development\/?s={search_term_string}"},"query-input":{"@type":"PropertyValueSpecification","valueRequired":true,"valueName":"search_term_string"}}],"inLanguage":"en-US"},{"@type":"Organization","@id":"https:\/\/www.coillte.ie\/development\/#organization","name":"Coillte","url":"https:\/\/www.coillte.ie\/development\/","logo":{"@type":"ImageObject","inLanguage":"en-US","@id":"https:\/\/www.coillte.ie\/development\/#\/schema\/logo\/image\/","url":"https:\/\/www.coillte.ie\/development\/wp-content\/uploads\/2021\/11\/coillte_logo-v4_1-1.svg","contentUrl":"https:\/\/www.coillte.ie\/development\/wp-content\/uploads\/2021\/11\/coillte_logo-v4_1-1.svg","width":151,"height":27,"caption":"Coillte"},"image":{"@id":"https:\/\/www.coillte.ie\/development\/#\/schema\/logo\/image\/"}},{"@type":"Person","@id":"https:\/\/www.coillte.ie\/development\/#\/schema\/person\/eaadf76f1f8ff19200d053adda9ea5c0","name":"Kate Cregan","image":{"@type":"ImageObject","inLanguage":"en-US","@id":"https:\/\/secure.gravatar.com\/avatar\/ef4d10659feeea1eabac9eecbeae08eb0cfb0271ff32bfc718a30963ae45b054?s=96&d=mm&r=g","url":"https:\/\/secure.gravatar.com\/avatar\/ef4d10659feeea1eabac9eecbeae08eb0cfb0271ff32bfc718a30963ae45b054?s=96&d=mm&r=g","contentUrl":"https:\/\/secure.gravatar.com\/avatar\/ef4d10659feeea1eabac9eecbeae08eb0cfb0271ff32bfc718a30963ae45b054?s=96&d=mm&r=g","caption":"Kate Cregan"}}]}},"_links":{"self":[{"href":"https:\/\/www.coillte.ie\/development\/wp-json\/wp\/v2\/posts\/12380","targetHints":{"allow":["GET"]}}],"collection":[{"href":"https:\/\/www.coillte.ie\/development\/wp-json\/wp\/v2\/posts"}],"about":[{"href":"https:\/\/www.coillte.ie\/development\/wp-json\/wp\/v2\/types\/post"}],"author":[{"embeddable":true,"href":"https:\/\/www.coillte.ie\/development\/wp-json\/wp\/v2\/users\/48"}],"replies":[{"embeddable":true,"href":"https:\/\/www.coillte.ie\/development\/wp-json\/wp\/v2\/comments?post=12380"}],"version-history":[{"count":11,"href":"https:\/\/www.coillte.ie\/development\/wp-json\/wp\/v2\/posts\/12380\/revisions"}],"predecessor-version":[{"id":12400,"href":"https:\/\/www.coillte.ie\/development\/wp-json\/wp\/v2\/posts\/12380\/revisions\/12400"}],"wp:featuredmedia":[{"embeddable":true,"href":"https:\/\/www.coillte.ie\/development\/wp-json\/wp\/v2\/media\/12381"}],"wp:attachment":[{"href":"https:\/\/www.coillte.ie\/development\/wp-json\/wp\/v2\/media?parent=12380"}],"wp:term":[{"taxonomy":"category","embeddable":true,"href":"https:\/\/www.coillte.ie\/development\/wp-json\/wp\/v2\/categories?post=12380"}],"curies":[{"name":"wp","href":"https:\/\/api.w.org\/{rel}","templated":true}]}}